{"id":125109,"date":"2018-11-08T08:17:51","date_gmt":"2018-11-08T10:17:51","guid":{"rendered":"https:\/\/diarioregionaldigital.com.br\/?p=125109"},"modified":"2018-11-08T08:17:51","modified_gmt":"2018-11-08T10:17:51","slug":"settra-autua-sete-onibus-do-transporte-coletivo-e-dois-sao-recolhidos","status":"publish","type":"post","link":"https:\/\/diarioregionaldigital.com.br\/?p=125109","title":{"rendered":"Settra autua sete \u00f4nibus do transporte coletivo e dois s\u00e3o recolhidos"},"content":{"rendered":"<p>Nesta ter\u00e7a-feira, 6, a Secretaria de Transporte e Tr\u00e2nsito (Settra) da Prefeitura de Juiz de Fora (PJF) intensificou a fiscaliza\u00e7\u00e3o ao transporte coletivo na cidade. Durante opera\u00e7\u00e3o na rodovi\u00e1ria e nos bairros Manoel Hon\u00f3rio e Democrata, a equipe de agentes abordou 15 ve\u00edculos, sendo emitidas sete atua\u00e7\u00f5es e dois carros foram recolhidos para a garagem dos cons\u00f3rcios.<\/p>\n<p>Foram sete infra\u00e7\u00f5es registradas: motorista sem plaqueta, rendi\u00e7\u00e3o em tempo superior, falhas no dispositivo da porta e na campainha e para-brisas trincados. Al\u00e9m disso, foram constatadas irregularidades em pneus remodelados e elevador inoperante, o que motivou o recolhimento dos ve\u00edculos \u00e0s garagens.<\/p>\n<p>Den\u00fancias, elogios ou sugest\u00f5es relacionados ao servi\u00e7o de transporte coletivo ou escolar podem ser feitas \u00e0 Settra, atrav\u00e9s do 3690-8218 ou do settraatende@pjf.mg.gov.br. Em casos de flagrantes de infra\u00e7\u00f5es de tr\u00e2nsito, a equipe de agentes de fiscaliza\u00e7\u00e3o pode ser acionada atrav\u00e9s do 3690-7400.<\/p>\n","protected":false},"excerpt":{"rendered":"<p>Nesta ter\u00e7a-feira, 6, a Secretaria de Transporte e Tr\u00e2nsito (Settra) da Prefeitura de Juiz de Fora (PJF) intensificou a fiscaliza\u00e7\u00e3o ao transporte coletivo na cidade. Durante opera\u00e7\u00e3o na rodovi\u00e1ria e nos bairros Manoel Hon\u00f3rio e Democrata, a equipe de agentes abordou 15 ve\u00edculos, sendo emitidas sete atua\u00e7\u00f5es e dois carros foram recolhidos para a garagem [&hellip;]<\/p>\n","protected":false},"author":96,"featured_media":0,"comment_status":"closed","ping_status":"closed","sticky":false,"template":"","format":"standard","meta":{"footnotes":""},"categories":[253,439],"tags":[],"class_list":["post-125109","post","type-post","status-publish","format-standard","hentry","category-cidade","category-ultima-hora"],"_links":{"self":[{"href":"https:\/\/diarioregionaldigital.com.br\/index.php?rest_route=\/wp\/v2\/posts\/125109","targetHints":{"allow":["GET"]}}],"collection":[{"href":"https:\/\/diarioregionaldigital.com.br\/index.php?rest_route=\/wp\/v2\/posts"}],"about":[{"href":"https:\/\/diarioregionaldigital.com.br\/index.php?rest_route=\/wp\/v2\/types\/post"}],"author":[{"embeddable":true,"href":"https:\/\/diarioregionaldigital.com.br\/index.php?rest_route=\/wp\/v2\/users\/96"}],"replies":[{"embeddable":true,"href":"https:\/\/diarioregionaldigital.com.br\/index.php?rest_route=%2Fwp%2Fv2%2Fcomments&post=125109"}],"version-history":[{"count":0,"href":"https:\/\/diarioregionaldigital.com.br\/index.php?rest_route=\/wp\/v2\/posts\/125109\/revisions"}],"wp:attachment":[{"href":"https:\/\/diarioregionaldigital.com.br\/index.php?rest_route=%2Fwp%2Fv2%2Fmedia&parent=125109"}],"wp:term":[{"taxonomy":"category","embeddable":true,"href":"https:\/\/diarioregionaldigital.com.br\/index.php?rest_route=%2Fwp%2Fv2%2Fcategories&post=125109"},{"taxonomy":"post_tag","embeddable":true,"href":"https:\/\/diarioregionaldigital.com.br\/index.php?rest_route=%2Fwp%2Fv2%2Ftags&post=125109"}],"curies":[{"name":"wp","href":"https:\/\/api.w.org\/{rel}","templated":true}]}}