{"id":125105,"date":"2018-11-11T06:00:18","date_gmt":"2018-11-11T08:00:18","guid":{"rendered":"https:\/\/diarioregionaldigital.com.br\/?p=125105"},"modified":"2018-11-07T20:16:22","modified_gmt":"2018-11-07T22:16:22","slug":"o-furacao-marcos-azambuja","status":"publish","type":"post","link":"https:\/\/diarioregionaldigital.com.br\/?p=125105","title":{"rendered":"O furac\u00e3o Marcos Azambuja"},"content":{"rendered":"<p>No per\u00edodo em que estive \u00e0 frente da Secretaria de Estado de Cultura do Rio de Janeiro, de 2004 a 2008, tive a satisfa\u00e7\u00e3o de conviver com uma das figuras mais importantes da cultura brasileira: Marcos Azambuja, ex-Secret\u00e1rio-Geral do Itamaraty e ex-embaixador do Brasil na Fran\u00e7a. Ele era o presidente da Funda\u00e7\u00e3o Casa Fran\u00e7a Brasil, que estava sob a responsabilidade da minha Pasta, o que nos proporcionava reuni\u00f5es peri\u00f3dicas, para a elabora\u00e7\u00e3o de eventos no espa\u00e7o cultural localizado no Centro do Rio. Foram momentos produtivos e harmoniosos, como na ocasi\u00e3o em que foi inaugurado o novo sistema de ilumina\u00e7\u00e3o art\u00edstica do local, que teve como madrinha a saudosa D. Lily Marinho.<\/p>\n<p>Gra\u00e7as ao seu conhecimento sobre a import\u00e2ncia da miss\u00e3o francesa no Brasil, tivemos o privil\u00e9gio de assistir a bel\u00edssimas exposi\u00e7\u00f5es sobre as obras de artistas como Jean-Baptiste Debret, Joachin Lebreton, Charles Pradier, Nicolas Antoine Taunay, Auguste Marie Taunay, Marc e Z\u00e9phirin Ferrez e Grandjean de Montigny, que aqui foram muito bem recebidos por D. Jo\u00e3o VI. Marcos Azambuja fez quest\u00e3o de lembrar da \u00e9poca que os artistas traziam os ideais da Revolu\u00e7\u00e3o Francesa, quando aqui chegavam, em 1816, mas ainda amargavam a derrota de Napole\u00e3o Bonaparte na Batalha de Waterloo, para os ingleses e seus aliados. Para ele, os artistas \u201ctrouxeram a clareza do pensamento franc\u00eas para nossa luminosidade\u201d.<\/p>\n<p>Em recente entrevista a um jornal de grande circula\u00e7\u00e3o, o ex-embaixador comemora a paz que reina no mundo, h\u00e1 70 anos \u201csem uma grande guerra\u201d, e a elimina\u00e7\u00e3o da coloniza\u00e7\u00e3o e da escravid\u00e3o, que ele considera as formas institucionais de desigualdade. Ele destaca como grandes momentos da nossa diplomacia o posicionamento durante a guerra das Malvinas e a viabiliza\u00e7\u00e3o da usina de Itaipu, em parceria com o Paraguai, mas sem criar problemas com a Argentina.<\/p>\n<p>Ap\u00f3s enaltecer a liberdade que todos t\u00eam hoje para falar que quiser, ele questiona o poder criado pelas redes sociais, que \u201cderam voz e opini\u00e3o a quem n\u00e3o tinha\u201d, mas o resultado dessa novidade n\u00e3o \u00e9 muito apreci\u00e1vel: prolifera\u00e7\u00e3o do rancor, do ressentimento e da inveja. O jeito agora \u00e9 superar as diferen\u00e7as e melhorar os n\u00edveis de entendimentos entre todos. Recuar, jamais.<\/p>\n<p>Marcos Azambuja \u00e9 um otimista em potencial, em rela\u00e7\u00e3o ao Brasil que, na sua opini\u00e3o, \u201c\u00e9 muito melhor do que achamos\u201d, e ao mesmo tempo, \u201c\u00e9 muito pior do que suspeitamos\u201d. O ex-embaixador defende uma ordem mais democr\u00e1tica, com Estado de direito e respeito ao meio ambiente. Para quem acha que uma Opera\u00e7\u00e3o Lava-Jato \u00e9 o fim da picada para um pa\u00eds, ele lembra que a Inglaterra entrou em guerra com a China para vender \u00f3pio, e os Estados Unidos provocaram uma guerra civil para recolonizar uma regi\u00e3o espec\u00edfica do seu territ\u00f3rio. No fim, salvaram-se todos e as duas na\u00e7\u00f5es est\u00e3o a\u00ed vivas e desenvolvidas.<\/p>\n<p>Aos 83 anos, ele tem a energia de um jovem e est\u00e1 escrevendo &#8220;Mem\u00f3rias Quase-p\u00f3stumas de Marcos Azambuja&#8221;, t\u00edtulo ainda provis\u00f3rio. Dedica-se ainda na colabora\u00e7\u00e3o com os trabalhos do Instituto Hist\u00f3rico e Geogr\u00e1fico Brasileiro e do Instituto do Patrim\u00f4nio Hist\u00f3rico e Art\u00edstico Nacional (Iphan), onde conseguiu barrar a demoli\u00e7\u00e3o do Hotel da Gl\u00f3ria, por Eike Batista, o que para ele \u00e9 motivo de orgulho. Fazendo valer o conhecimento adquirido nas interven\u00e7\u00f5es como embaixador, atua tamb\u00e9m como conselheiro em empresas multinacionais francesas, na Federa\u00e7\u00e3o do Com\u00e9rcio de Bens, Servi\u00e7os e Turismo do Estado de S\u00e3o Paulo (Fecomercio-SP) e no Centro Brasileiro de Rela\u00e7\u00f5es Internacionais (Cebri). Haja f\u00f4lego!<\/p>\n","protected":false},"excerpt":{"rendered":"<p>No per\u00edodo em que estive \u00e0 frente da Secretaria de Estado de Cultura do Rio de Janeiro, de 2004 a 2008, tive a satisfa\u00e7\u00e3o de conviver com uma das figuras mais importantes da cultura brasileira: Marcos Azambuja, ex-Secret\u00e1rio-Geral do Itamaraty e ex-embaixador do Brasil na Fran\u00e7a. Ele era o presidente da Funda\u00e7\u00e3o Casa Fran\u00e7a Brasil, [&hellip;]<\/p>\n","protected":false},"author":96,"featured_media":96753,"comment_status":"closed","ping_status":"closed","sticky":false,"template":"","format":"standard","meta":{"footnotes":""},"categories":[275,436,439],"tags":[],"class_list":["post-125105","post","type-post","status-publish","format-standard","has-post-thumbnail","hentry","category-arnaldo-niskier","category-destaque-da-semana","category-ultima-hora"],"_links":{"self":[{"href":"https:\/\/diarioregionaldigital.com.br\/index.php?rest_route=\/wp\/v2\/posts\/125105","targetHints":{"allow":["GET"]}}],"collection":[{"href":"https:\/\/diarioregionaldigital.com.br\/index.php?rest_route=\/wp\/v2\/posts"}],"about":[{"href":"https:\/\/diarioregionaldigital.com.br\/index.php?rest_route=\/wp\/v2\/types\/post"}],"author":[{"embeddable":true,"href":"https:\/\/diarioregionaldigital.com.br\/index.php?rest_route=\/wp\/v2\/users\/96"}],"replies":[{"embeddable":true,"href":"https:\/\/diarioregionaldigital.com.br\/index.php?rest_route=%2Fwp%2Fv2%2Fcomments&post=125105"}],"version-history":[{"count":0,"href":"https:\/\/diarioregionaldigital.com.br\/index.php?rest_route=\/wp\/v2\/posts\/125105\/revisions"}],"wp:featuredmedia":[{"embeddable":true,"href":"https:\/\/diarioregionaldigital.com.br\/index.php?rest_route=\/wp\/v2\/media\/96753"}],"wp:attachment":[{"href":"https:\/\/diarioregionaldigital.com.br\/index.php?rest_route=%2Fwp%2Fv2%2Fmedia&parent=125105"}],"wp:term":[{"taxonomy":"category","embeddable":true,"href":"https:\/\/diarioregionaldigital.com.br\/index.php?rest_route=%2Fwp%2Fv2%2Fcategories&post=125105"},{"taxonomy":"post_tag","embeddable":true,"href":"https:\/\/diarioregionaldigital.com.br\/index.php?rest_route=%2Fwp%2Fv2%2Ftags&post=125105"}],"curies":[{"name":"wp","href":"https:\/\/api.w.org\/{rel}","templated":true}]}}