{"id":125083,"date":"2018-11-08T06:00:32","date_gmt":"2018-11-08T08:00:32","guid":{"rendered":"https:\/\/diarioregionaldigital.com.br\/?p=125083"},"modified":"2018-11-07T21:05:14","modified_gmt":"2018-11-07T23:05:14","slug":"rabiscos-com-arte","status":"publish","type":"post","link":"https:\/\/diarioregionaldigital.com.br\/?p=125083","title":{"rendered":"Rabiscos com Arte"},"content":{"rendered":"<p style=\"text-align: center;\"><strong>Rabiscos com Arte<\/strong><\/p>\n<p style=\"text-align: center;\">Mago das caricaturas, o talentoso Andr\u00e9 Ribeiro Silva coordena o encontro de cartunistas chargistas, caricaturistas e ilustradores para o Sal\u00e3o de Humor de Buteco 2018 &#8211; Do Brasil e do Mundo. Ser\u00e1 no dia 9 de novembro, \u00e0s 21h, no bar Caminho da Ro\u00e7a, na rua Esp\u00edrito Santo, n\u00ba 738 \u2013 Juiz de Fora.<\/p>\n<p style=\"text-align: center;\"><strong>Rosa<\/strong><\/p>\n<p style=\"text-align: center;\">Com muito entusiasmo, a presidente da Ascomcer e as volunt\u00e1rias fecharam a campanha de conscientiza\u00e7\u00e3o do c\u00e2ncer de mama no Cal\u00e7ad\u00e3o da Halfeld com distribui\u00e7\u00e3o de material informativo. No mesmo dia, mais tarde, o Coral Ascomcer se apresentou no Alameda, inaugurando a exposi\u00e7\u00e3o \u201cCuidar-se pode mudar sua hist\u00f3ria\u201d, iniciativa do Projeto Bem Comum, com fotos de Marcela Rosa, Thiago Brito e Luiza Kneipp.<\/p>\n<p style=\"text-align: center;\"><strong>M\u00fasica Boa <\/strong><\/p>\n<p style=\"text-align: center;\">A 7\u00aa edi\u00e7\u00e3o da mostra Cantautores prossegue at\u00e9 o dia 10 no cine Theatro Brasil Vallourec, em Belo Horizonte. Com apoio da Lei Estadual de Incentivo \u00e0 Cultura, as atra\u00e7\u00f5es se dividem entre nomes convidados e outros escolhidos a partir de 250 nomes de todo o mundo que se inscreveram para o evento, resultando um recorde para a Mostra.<\/p>\n<p style=\"text-align: center;\"><strong>Voc\u00ea Sabia?<\/strong><\/p>\n<p style=\"text-align: center;\">Garantido e Caprichoso s\u00e3o nomes das principais estrelas do festival folcl\u00f3rico de Parintins, evento popular realizado todo ano em junho. \u00c9 uma apresenta\u00e7\u00e3o em que competem o Boi Garantido de cor vermelha e Boi Caprichoso azul. O evento ocorre no chamado \u201cbumb\u00f3dromo\u201d da cidade, est\u00e1dio com formato de uma cabe\u00e7a de boi estilizada e capacidade para 35 mil pessoas. \u00c9 um espet\u00e1culo de luxo, brilho e plumas.<\/p>\n<p style=\"text-align: center;\"><strong>L\u00e1 Longe<\/strong><\/p>\n<p style=\"text-align: center;\">Digno de elogios, Rafael Ski participar\u00e1 do Tadaex \u2013 festival internacional de arte digital na sofisticada Mohsem Gallery, em Teer\u00e2. O artista juiz-forano vai apresentar a exposi\u00e7\u00e3o interativa \u201cfaceless\u201d, lan\u00e7ada, recentemente, em Juiz de Fora.<\/p>\n<p style=\"text-align: center;\"><strong>Xisss<\/strong><\/p>\n<p style=\"text-align: center;\">Com um \u201csotaque carioca\u201d que lhe d\u00e1 um estilo \u00fanico, a moda do Rio \u00e9 um exemplo de neg\u00f3cio para o Brasil e o mundo. Seu chamado \u00e9 reconhecido pela qualidade na cria\u00e7\u00e3o e produ\u00e7\u00e3o de pe\u00e7as inovadoras. A Firjam apoiou o Veste Rio estimulando o desenvolvimento da moda carioca.<\/p>\n<div id=\"attachment_125043\" style=\"width: 690px\" class=\"wp-caption aligncenter\"><img loading=\"lazy\" decoding=\"async\" aria-describedby=\"caption-attachment-125043\" class=\"wp-image-125043\" src=\"https:\/\/diarioregionaldigital.com.br\/wp-content\/uploads\/2018\/11\/fotoa-4-e1541624818342.jpg\" alt=\"\" width=\"680\" height=\"539\" srcset=\"https:\/\/diarioregionaldigital.com.br\/wp-content\/uploads\/2018\/11\/fotoa-4-e1541624818342.jpg 717w, https:\/\/diarioregionaldigital.com.br\/wp-content\/uploads\/2018\/11\/fotoa-4-e1541624818342-300x238.jpg 300w, https:\/\/diarioregionaldigital.com.br\/wp-content\/uploads\/2018\/11\/fotoa-4-e1541624818342-360x285.jpg 360w\" sizes=\"auto, (max-width: 680px) 100vw, 680px\" \/><p id=\"caption-attachment-125043\" class=\"wp-caption-text\">A elegante psic\u00f3loga Irene Rocha e sua bola de cristal imagin\u00e1rio<\/p><\/div>\n<div id=\"attachment_125044\" style=\"width: 690px\" class=\"wp-caption aligncenter\"><img loading=\"lazy\" decoding=\"async\" aria-describedby=\"caption-attachment-125044\" class=\"wp-image-125044\" src=\"https:\/\/diarioregionaldigital.com.br\/wp-content\/uploads\/2018\/11\/fotob-4-e1541624843261.jpg\" alt=\"\" width=\"680\" height=\"524\" srcset=\"https:\/\/diarioregionaldigital.com.br\/wp-content\/uploads\/2018\/11\/fotob-4-e1541624843261.jpg 649w, https:\/\/diarioregionaldigital.com.br\/wp-content\/uploads\/2018\/11\/fotob-4-e1541624843261-300x231.jpg 300w, https:\/\/diarioregionaldigital.com.br\/wp-content\/uploads\/2018\/11\/fotob-4-e1541624843261-360x277.jpg 360w\" sizes=\"auto, (max-width: 680px) 100vw, 680px\" \/><p id=\"caption-attachment-125044\" class=\"wp-caption-text\">Mulheres puro poder na exposi\u00e7\u00e3o +Elas, Aline de Castro e Juliana Andreatta<\/p><\/div>\n<div id=\"attachment_125045\" style=\"width: 690px\" class=\"wp-caption aligncenter\"><img loading=\"lazy\" decoding=\"async\" aria-describedby=\"caption-attachment-125045\" class=\"wp-image-125045\" src=\"https:\/\/diarioregionaldigital.com.br\/wp-content\/uploads\/2018\/11\/fotobb-e1541624897898.jpg\" alt=\"\" width=\"680\" height=\"471\" srcset=\"https:\/\/diarioregionaldigital.com.br\/wp-content\/uploads\/2018\/11\/fotobb-e1541624897898.jpg 909w, https:\/\/diarioregionaldigital.com.br\/wp-content\/uploads\/2018\/11\/fotobb-e1541624897898-300x208.jpg 300w, https:\/\/diarioregionaldigital.com.br\/wp-content\/uploads\/2018\/11\/fotobb-e1541624897898-768x531.jpg 768w, https:\/\/diarioregionaldigital.com.br\/wp-content\/uploads\/2018\/11\/fotobb-e1541624897898-360x249.jpg 360w, https:\/\/diarioregionaldigital.com.br\/wp-content\/uploads\/2018\/11\/fotobb-e1541624897898-100x70.jpg 100w\" sizes=\"auto, (max-width: 680px) 100vw, 680px\" \/><p id=\"caption-attachment-125045\" class=\"wp-caption-text\">No happy-hour em um ponto da moda em S\u00e3o Mateus, o colunista Caca Salermo e Luciana Schmidt<\/p><\/div>\n<div id=\"attachment_125046\" style=\"width: 690px\" class=\"wp-caption aligncenter\"><img loading=\"lazy\" decoding=\"async\" aria-describedby=\"caption-attachment-125046\" class=\"wp-image-125046\" src=\"https:\/\/diarioregionaldigital.com.br\/wp-content\/uploads\/2018\/11\/fotoc-4-e1541624921330.jpg\" alt=\"\" width=\"680\" height=\"491\" srcset=\"https:\/\/diarioregionaldigital.com.br\/wp-content\/uploads\/2018\/11\/fotoc-4-e1541624921330.jpg 720w, https:\/\/diarioregionaldigital.com.br\/wp-content\/uploads\/2018\/11\/fotoc-4-e1541624921330-300x217.jpg 300w, https:\/\/diarioregionaldigital.com.br\/wp-content\/uploads\/2018\/11\/fotoc-4-e1541624921330-360x260.jpg 360w\" sizes=\"auto, (max-width: 680px) 100vw, 680px\" \/><p id=\"caption-attachment-125046\" class=\"wp-caption-text\">Veridiana Martins, a rainha das festas, faz sucesso com o Buffet a Festa \u00e9 sua<\/p><\/div>\n<div id=\"attachment_125049\" style=\"width: 690px\" class=\"wp-caption aligncenter\"><img loading=\"lazy\" decoding=\"async\" aria-describedby=\"caption-attachment-125049\" class=\"wp-image-125049\" src=\"https:\/\/diarioregionaldigital.com.br\/wp-content\/uploads\/2018\/11\/fotoe-4-e1541624985458.jpg\" alt=\"\" width=\"680\" height=\"510\" srcset=\"https:\/\/diarioregionaldigital.com.br\/wp-content\/uploads\/2018\/11\/fotoe-4-e1541624985458.jpg 720w, https:\/\/diarioregionaldigital.com.br\/wp-content\/uploads\/2018\/11\/fotoe-4-e1541624985458-300x225.jpg 300w, https:\/\/diarioregionaldigital.com.br\/wp-content\/uploads\/2018\/11\/fotoe-4-e1541624985458-360x270.jpg 360w\" sizes=\"auto, (max-width: 680px) 100vw, 680px\" \/><p id=\"caption-attachment-125049\" class=\"wp-caption-text\">Direto de Cabo Frio, o super professor da Supera\u00e7\u00e3o, Carlos Queiroz<\/p><\/div>\n<div id=\"attachment_125050\" style=\"width: 690px\" class=\"wp-caption aligncenter\"><img loading=\"lazy\" decoding=\"async\" aria-describedby=\"caption-attachment-125050\" class=\"wp-image-125050\" src=\"https:\/\/diarioregionaldigital.com.br\/wp-content\/uploads\/2018\/11\/fotof-3-e1541625030128.jpg\" alt=\"\" width=\"680\" height=\"577\" srcset=\"https:\/\/diarioregionaldigital.com.br\/wp-content\/uploads\/2018\/11\/fotof-3-e1541625030128.jpg 1178w, https:\/\/diarioregionaldigital.com.br\/wp-content\/uploads\/2018\/11\/fotof-3-e1541625030128-300x255.jpg 300w, https:\/\/diarioregionaldigital.com.br\/wp-content\/uploads\/2018\/11\/fotof-3-e1541625030128-768x652.jpg 768w, https:\/\/diarioregionaldigital.com.br\/wp-content\/uploads\/2018\/11\/fotof-3-e1541625030128-1024x869.jpg 1024w, https:\/\/diarioregionaldigital.com.br\/wp-content\/uploads\/2018\/11\/fotof-3-e1541625030128-360x306.jpg 360w\" sizes=\"auto, (max-width: 680px) 100vw, 680px\" \/><p id=\"caption-attachment-125050\" class=\"wp-caption-text\">Momento amigos para sempre na loja M. Marques, Eduardo Gomes e o gerente Ricardo Alex Souza<\/p><\/div>\n<div id=\"attachment_125051\" style=\"width: 690px\" class=\"wp-caption aligncenter\"><img loading=\"lazy\" decoding=\"async\" aria-describedby=\"caption-attachment-125051\" class=\"wp-image-125051\" src=\"https:\/\/diarioregionaldigital.com.br\/wp-content\/uploads\/2018\/11\/fotog-3-e1541625052245.jpg\" alt=\"\" width=\"680\" height=\"526\" srcset=\"https:\/\/diarioregionaldigital.com.br\/wp-content\/uploads\/2018\/11\/fotog-3-e1541625052245.jpg 580w, https:\/\/diarioregionaldigital.com.br\/wp-content\/uploads\/2018\/11\/fotog-3-e1541625052245-300x232.jpg 300w, https:\/\/diarioregionaldigital.com.br\/wp-content\/uploads\/2018\/11\/fotog-3-e1541625052245-360x279.jpg 360w\" sizes=\"auto, (max-width: 680px) 100vw, 680px\" \/><p id=\"caption-attachment-125051\" class=\"wp-caption-text\">O autor teatral Jo\u00e3o Falc\u00e3o foi servido pelo \u2018chef\u2019 Ant\u00f4nio P\u00e1dua Jun\u00e3o, em sua passagem por Juiz de Fora<\/p><\/div>\n<div id=\"attachment_125052\" style=\"width: 690px\" class=\"wp-caption aligncenter\"><img loading=\"lazy\" decoding=\"async\" aria-describedby=\"caption-attachment-125052\" class=\"wp-image-125052\" src=\"https:\/\/diarioregionaldigital.com.br\/wp-content\/uploads\/2018\/11\/fotoh-3-e1541625079479.jpg\" alt=\"\" width=\"680\" height=\"519\" srcset=\"https:\/\/diarioregionaldigital.com.br\/wp-content\/uploads\/2018\/11\/fotoh-3-e1541625079479.jpg 720w, https:\/\/diarioregionaldigital.com.br\/wp-content\/uploads\/2018\/11\/fotoh-3-e1541625079479-300x229.jpg 300w, https:\/\/diarioregionaldigital.com.br\/wp-content\/uploads\/2018\/11\/fotoh-3-e1541625079479-360x275.jpg 360w\" sizes=\"auto, (max-width: 680px) 100vw, 680px\" \/><p id=\"caption-attachment-125052\" class=\"wp-caption-text\">Direto da Excalibur, ilustres visitam a coluna, Marcelo Esp\u00edndola e Mur\u00edlio Hingel<\/p><\/div>\n<div id=\"attachment_125047\" style=\"width: 690px\" class=\"wp-caption aligncenter\"><img loading=\"lazy\" decoding=\"async\" aria-describedby=\"caption-attachment-125047\" class=\"wp-image-125047\" src=\"https:\/\/diarioregionaldigital.com.br\/wp-content\/uploads\/2018\/11\/fotocc-e1541624940964.jpg\" alt=\"\" width=\"680\" height=\"474\" srcset=\"https:\/\/diarioregionaldigital.com.br\/wp-content\/uploads\/2018\/11\/fotocc-e1541624940964.jpg 1950w, https:\/\/diarioregionaldigital.com.br\/wp-content\/uploads\/2018\/11\/fotocc-e1541624940964-300x210.jpg 300w, https:\/\/diarioregionaldigital.com.br\/wp-content\/uploads\/2018\/11\/fotocc-e1541624940964-768x536.jpg 768w, https:\/\/diarioregionaldigital.com.br\/wp-content\/uploads\/2018\/11\/fotocc-e1541624940964-1024x714.jpg 1024w, https:\/\/diarioregionaldigital.com.br\/wp-content\/uploads\/2018\/11\/fotocc-e1541624940964-360x251.jpg 360w, https:\/\/diarioregionaldigital.com.br\/wp-content\/uploads\/2018\/11\/fotocc-e1541624940964-100x70.jpg 100w\" sizes=\"auto, (max-width: 680px) 100vw, 680px\" \/><p id=\"caption-attachment-125047\" class=\"wp-caption-text\">Na SMCJF, a m\u00e9dica psiquiatra Elimar Jacob Salzer Rodrigues foi homenageada com a \u201cMedalha M\u00e9rito M\u00e9dico Dr. Jo\u00e3o Penido 2018\u201d, ladeada dos m\u00e9dicos Rosilene Oliveira, Antenor Salzer Rodrigues e Elson Correa de Mello J\u00fanior<\/p><\/div>\n<div id=\"attachment_125042\" style=\"width: 690px\" class=\"wp-caption aligncenter\"><img loading=\"lazy\" decoding=\"async\" aria-describedby=\"caption-attachment-125042\" class=\"wp-image-125042\" src=\"https:\/\/diarioregionaldigital.com.br\/wp-content\/uploads\/2018\/11\/fotaa-e1541624791718.jpg\" alt=\"\" width=\"680\" height=\"519\" srcset=\"https:\/\/diarioregionaldigital.com.br\/wp-content\/uploads\/2018\/11\/fotaa-e1541624791718.jpg 720w, https:\/\/diarioregionaldigital.com.br\/wp-content\/uploads\/2018\/11\/fotaa-e1541624791718-300x229.jpg 300w, https:\/\/diarioregionaldigital.com.br\/wp-content\/uploads\/2018\/11\/fotaa-e1541624791718-360x275.jpg 360w\" sizes=\"auto, (max-width: 680px) 100vw, 680px\" \/><p id=\"caption-attachment-125042\" class=\"wp-caption-text\">No Batalh\u00e3o da PM, M\u00e1rcio Alves (Pr\u00eamio Melhores de 2018) foi recebido para caf\u00e9 da manh\u00e3 com Sargento Renata, Tenente Sandra Jabur, Maryza Alves, Sargento Renata e Sargento Alessandro<\/p><\/div>\n<p style=\"text-align: center;\"><strong>FOTOSS\u00cdNTESE<\/strong><\/p>\n<p>Ser\u00e1 na Funda\u00e7\u00e3o Esp\u00edrita Aur\u00edlio Braga Esteves (FEABE), no dia 12, \u00e0s 19h30, a palestra \u201cObsess\u00e3o\u201d. Para falar o din\u00e2mico Luis Eduardo Prado. O endere\u00e7o \u00e9 rua Irm\u00e3o Menrado, n\u00ba510, Borboleta.<\/p>\n<p>O Muzik vai estremecer na 6\u00aa feira, 9, \u00e0s 23h, com estreia da temporada 6IX, com m\u00fasica eletr\u00f4nica e no line, convidados arrebatando a dance floor.<\/p>\n<p>Para o s\u00e1bado, 10, vai bombar o Baile de Confraterniza\u00e7\u00e3o com a Banda Santtorini e o professor Henrique Gon\u00e7alves. Ser\u00e1 \u00e0s 22h, no C\u00edrculo Militar.<\/p>\n<p>No Portal da Serra, nos dias 9 e 10 de novembro, vai ter Blues n\u2019 Rock na Serra, \u00e0s 20h, em plena Ibitipoca.<\/p>\n<p>Muria\u00e9 ser\u00e1 capital da moda, na 6\u00aa feira, 9, \u00e0s 20h, com super desfile no Complexo Cristo Redentor, com evento beneficente com renda para a Obra Unida do Lar Ozanan, que atende 50 idosos. Participa\u00e7\u00e3o de atores globais e produ\u00e7\u00e3o de Andyn Ramos.<\/p>\n<p>Em ritmo de as \u00e1guas v\u00e3o rolar vai acontecer no dia 10 de novembro, \u00e0s 20h, no MHall, o bonito concurso Miss Com\u00e9rcio 2018. A promo\u00e7\u00e3o do Sindicom\u00e9rcio, vai colocar na passarela lindas comerci\u00e1rias de Juiz de Fora.<\/p>\n<p>O Capit\u00f3lio vai estremecer no dia 8 de dezembro com o super show de Paula Toller e Tit\u00e3s.<\/p>\n<p>Milena Andreola Souza comandou um grupo de 30 alunos de arquitetura e urbanismo do CES\/JF para aula e pesquisa no Museu Mariano Proc\u00f3pio.<\/p>\n<p>Com fl\u00fcts de champanhe ao final, foi enriquecedora a palestra sobre moda e arte da elegante Larissa Lessa na Casa Design.<\/p>\n<p>Digno de elogios, o conceituado arquiteto H\u00e9lio Pellegrino que \u00e9 respons\u00e1vel pelo projeto da Assunta, aterrisa em Juiz de Fora dia 10 de dezembro, para uma roda de bate-papo e fino jantar.<\/p>\n<p>Linda e maravilhosa Lorena Rodrigues passou e deu aquele al\u00f4.<\/p>\n<p>Em ritmo de beleza total a esteticista Alcione Marocolo participa nos dias 11 e 12, no Ouro Minas Hotel em BH, do 2\u00ba Simp\u00f3sio Cient\u00edfico de Micropigmenta\u00e7\u00e3o.<\/p>\n<p>Com dezembro batendo a nossa porta com Roberto Carlos e Simone (Ent\u00e3o \u00e9 Natal), o Esporte Clube S\u00e3o Carlos junta m\u00fasica dos dois e promove um rico festival de chopp.<\/p>\n<p>A 3\u00aa edi\u00e7\u00e3o do \u201cTrof\u00e9u Josino Arag\u00e3o\u201d ser\u00e1 dia 23 de novembro, no MHall com homenagens a valores humanos da cidade. Mesas com este colunista no fone: 3241-3262.<\/p>\n<p>Juntando temperos, panelas e ca\u00e7arolas o chef Caique Fonseca vai preparar o almo\u00e7o alem\u00e3o pela comemora\u00e7\u00e3o do Dia de S\u00e3o Martinho, agendado para 11 de novembro, \u00e0s 12h, no Sport Club Borboleta.<\/p>\n<p>Ligando a sutileza: Se o conhecimento pode criar problemas, n\u00e3o \u00e9 atrav\u00e9s da ignor\u00e2ncia que podemos solucion\u00e1-los. Bom dia.<\/p>\n<p style=\"text-align: center;\">\n","protected":false},"excerpt":{"rendered":"<p>Rabiscos com Arte Mago das caricaturas, o talentoso Andr\u00e9 Ribeiro Silva coordena o encontro de cartunistas chargistas, caricaturistas e ilustradores para o Sal\u00e3o de Humor de Buteco 2018 &#8211; Do Brasil e do Mundo. Ser\u00e1 no dia 9 de novembro, \u00e0s 21h, no bar Caminho da Ro\u00e7a, na rua Esp\u00edrito Santo, n\u00ba 738 \u2013 Juiz [&hellip;]<\/p>\n","protected":false},"author":96,"featured_media":125043,"comment_status":"closed","ping_status":"closed","sticky":false,"template":"","format":"standard","meta":{"footnotes":""},"categories":[264],"tags":[],"class_list":["post-125083","post","type-post","status-publish","format-standard","has-post-thumbnail","hentry","category-eduardo-gomes"],"_links":{"self":[{"href":"https:\/\/diarioregionaldigital.com.br\/index.php?rest_route=\/wp\/v2\/posts\/125083","targetHints":{"allow":["GET"]}}],"collection":[{"href":"https:\/\/diarioregionaldigital.com.br\/index.php?rest_route=\/wp\/v2\/posts"}],"about":[{"href":"https:\/\/diarioregionaldigital.com.br\/index.php?rest_route=\/wp\/v2\/types\/post"}],"author":[{"embeddable":true,"href":"https:\/\/diarioregionaldigital.com.br\/index.php?rest_route=\/wp\/v2\/users\/96"}],"replies":[{"embeddable":true,"href":"https:\/\/diarioregionaldigital.com.br\/index.php?rest_route=%2Fwp%2Fv2%2Fcomments&post=125083"}],"version-history":[{"count":0,"href":"https:\/\/diarioregionaldigital.com.br\/index.php?rest_route=\/wp\/v2\/posts\/125083\/revisions"}],"wp:featuredmedia":[{"embeddable":true,"href":"https:\/\/diarioregionaldigital.com.br\/index.php?rest_route=\/wp\/v2\/media\/125043"}],"wp:attachment":[{"href":"https:\/\/diarioregionaldigital.com.br\/index.php?rest_route=%2Fwp%2Fv2%2Fmedia&parent=125083"}],"wp:term":[{"taxonomy":"category","embeddable":true,"href":"https:\/\/diarioregionaldigital.com.br\/index.php?rest_route=%2Fwp%2Fv2%2Fcategories&post=125083"},{"taxonomy":"post_tag","embeddable":true,"href":"https:\/\/diarioregionaldigital.com.br\/index.php?rest_route=%2Fwp%2Fv2%2Ftags&post=125083"}],"curies":[{"name":"wp","href":"https:\/\/api.w.org\/{rel}","templated":true}]}}