{"id":125029,"date":"2018-11-07T15:52:16","date_gmt":"2018-11-07T17:52:16","guid":{"rendered":"https:\/\/diarioregionaldigital.com.br\/?p=125029"},"modified":"2018-11-07T15:52:16","modified_gmt":"2018-11-07T17:52:16","slug":"projeto-futebol-ufjf-e-campeao-sub-17-da-2a-divisao-mineira","status":"publish","type":"post","link":"https:\/\/diarioregionaldigital.com.br\/?p=125029","title":{"rendered":"Projeto Futebol UFJF \u00e9 campe\u00e3o Sub-17 da 2\u00aa Divis\u00e3o Mineira"},"content":{"rendered":"<p>A Associa\u00e7\u00e3o de Ensino e Pesquisa em Esporte e Lazer (Asepel), time do projeto de extens\u00e3o \u201cFutebol UFJF\u201d, conquistou pela primeira vez o t\u00edtulo da Segunda Divis\u00e3o do Campeonato Mineiro Sub-17, ap\u00f3s empatar sem gols com o Athletic, no \u00faltimo s\u00e1bado, em S\u00e3o Jo\u00e3o Del Rei. Com o resultado, a equipe terminou o octogonal final com 27 pontos, um a mais que o Athletic. O time juizforano ainda teve o artilheiro da competi\u00e7\u00e3o, Evaristo, com 11 gols.<\/p>\n<p>J\u00e1 a equipe sub-15 terminou a fase final em sexto lugar. Na \u00faltima partida, tamb\u00e9m em S\u00e3o Jo\u00e3o Del Rei, acabou sendo derrotada pelo Athetic por 2 a 0. Na classifica\u00e7\u00e3o conjunta, levando em conta os resultados das categorias sub-17 e sub-15, a Asepel-Futebol UFJF terminou na quinta coloca\u00e7\u00e3o. Como o regulamento considera esta classifica\u00e7\u00e3o conjunta para o acesso \u00e0 Primeira Divis\u00e3o, a equipe juizforana permanece na Segundona. Minas Boca, Boston City e Inter S\u00e3o Gotardo sobem para a divis\u00e3o principal das duas categorias.<\/p>\n<p>O \u201cFutebol UFJF\u201d, parceria da Universidade Federal de Juiz de Fora (UFJF) com o Instituto Dom Orione, conta com a participa\u00e7\u00e3o de alunos da Faculdade de Educa\u00e7\u00e3o F\u00edsica e Desportos (Faefid) da UFJF, que desenvolvem treinamento, arbitragem e prepara\u00e7\u00e3o f\u00edsica, al\u00e9m de integrarem a comiss\u00e3o t\u00e9cnica. Os conhecimentos dos graduandos \u00e9 aplicado junto aos jovens dos bairros do entorno da Universidade \u2013 Dom Bosco e S\u00e3o Pedro, principalmente \u2013 que comp\u00f5em as equipes.<\/p>\n<p>O coordenador da iniciativa, professor Marcelo Matta, afirma que a experi\u00eancia \u00e9 m\u00fatua e tem rendido excelentes resultados. \u201cA iniciativa alia a profissionaliza\u00e7\u00e3o dos estudantes de Educa\u00e7\u00e3o F\u00edsica com o desenvolvimento do potencial esportivo dos meninos do Instituto Dom Orione.\u201d O retrospecto do time nos campeonatos locais, regionais e estaduais t\u00eam crescido positivamente. Entre as conquistas do grupo est\u00e3o o t\u00edtulo sub-15 do Campeonato Mineiro, em 2016. No ano passado, os jogadores disputaram a Primeira Divis\u00e3o estadual, ficando lado a lado com times do Cruzeiro, Atl\u00e9tico e Am\u00e9rica.<\/p>\n<p>O professor destaca que a prepara\u00e7\u00e3o do time j\u00e1 \u00e9 consolidada. Relata, ainda, que a expectativa futura \u00e9 manter a qualidade das atua\u00e7\u00f5es: \u201cos meninos j\u00e1 tem um longo tempo de forma\u00e7\u00e3o e experi\u00eancias competitivas em campeonatos\u201d, diz.<\/p>\n<p><strong>Fonte: UFJF <\/strong><\/p>\n","protected":false},"excerpt":{"rendered":"<p>A Associa\u00e7\u00e3o de Ensino e Pesquisa em Esporte e Lazer (Asepel), time do projeto de extens\u00e3o \u201cFutebol UFJF\u201d, conquistou pela primeira vez o t\u00edtulo da Segunda Divis\u00e3o do Campeonato Mineiro Sub-17, ap\u00f3s empatar sem gols com o Athletic, no \u00faltimo s\u00e1bado, em S\u00e3o Jo\u00e3o Del Rei. Com o resultado, a equipe terminou o octogonal final [&hellip;]<\/p>\n","protected":false},"author":96,"featured_media":125030,"comment_status":"closed","ping_status":"closed","sticky":false,"template":"","format":"standard","meta":{"footnotes":""},"categories":[257,439],"tags":[],"class_list":["post-125029","post","type-post","status-publish","format-standard","has-post-thumbnail","hentry","category-esporte","category-ultima-hora"],"_links":{"self":[{"href":"https:\/\/diarioregionaldigital.com.br\/index.php?rest_route=\/wp\/v2\/posts\/125029","targetHints":{"allow":["GET"]}}],"collection":[{"href":"https:\/\/diarioregionaldigital.com.br\/index.php?rest_route=\/wp\/v2\/posts"}],"about":[{"href":"https:\/\/diarioregionaldigital.com.br\/index.php?rest_route=\/wp\/v2\/types\/post"}],"author":[{"embeddable":true,"href":"https:\/\/diarioregionaldigital.com.br\/index.php?rest_route=\/wp\/v2\/users\/96"}],"replies":[{"embeddable":true,"href":"https:\/\/diarioregionaldigital.com.br\/index.php?rest_route=%2Fwp%2Fv2%2Fcomments&post=125029"}],"version-history":[{"count":0,"href":"https:\/\/diarioregionaldigital.com.br\/index.php?rest_route=\/wp\/v2\/posts\/125029\/revisions"}],"wp:featuredmedia":[{"embeddable":true,"href":"https:\/\/diarioregionaldigital.com.br\/index.php?rest_route=\/wp\/v2\/media\/125030"}],"wp:attachment":[{"href":"https:\/\/diarioregionaldigital.com.br\/index.php?rest_route=%2Fwp%2Fv2%2Fmedia&parent=125029"}],"wp:term":[{"taxonomy":"category","embeddable":true,"href":"https:\/\/diarioregionaldigital.com.br\/index.php?rest_route=%2Fwp%2Fv2%2Fcategories&post=125029"},{"taxonomy":"post_tag","embeddable":true,"href":"https:\/\/diarioregionaldigital.com.br\/index.php?rest_route=%2Fwp%2Fv2%2Ftags&post=125029"}],"curies":[{"name":"wp","href":"https:\/\/api.w.org\/{rel}","templated":true}]}}