{"id":124827,"date":"2018-11-05T14:44:26","date_gmt":"2018-11-05T16:44:26","guid":{"rendered":"https:\/\/diarioregionaldigital.com.br\/?p=124827"},"modified":"2018-11-05T14:44:26","modified_gmt":"2018-11-05T16:44:26","slug":"rei-do-futsal-falcao-anuncia-aposentadoria-apos-fim-da-temporada","status":"publish","type":"post","link":"https:\/\/diarioregionaldigital.com.br\/?p=124827","title":{"rendered":"\u201cRei do futsal\u201d, Falc\u00e3o anuncia aposentadoria ap\u00f3s fim da temporada"},"content":{"rendered":"<p>Com um gol de letra e outro de cobertura, Falc\u00e3o se despediu da Sele\u00e7\u00e3o Brasileira no \u00faltimo dia 28 de outubro. Neste domingo, no entanto, o craque estendeu seu adeus ao futsal no geral em entrevista ao Esporte Espetacular, da\u00a0Rede Globo, dizendo que apenas fechar\u00e1 seus compromissos neste ano com o Magnus, equipe de Sorocaba que defende pela terceira vez desde o in\u00edcio de 2018.<\/p>\n<p>\u201cProfissionalmente, pensando muito, com 41 anos chegou o momento. Me despedi da sele\u00e7\u00e3o recentemente e agora vou terminar meus compromissos com o clube. Tenho certeza que ainda farei muitos eventos, mas para me divertir. Profissionalmente \u00e9 o meu \u00faltimo ano\u201d, garantiu.<\/p>\n<p>O craque, que acumula em sua carreira mais de 100 t\u00edtulos e \u00e9 considerado o maior jogador de futsal de todos os tempos, tamb\u00e9m falou da dificuldade de \u201ccorrer atr\u00e1s da molecada\u201d. \u201c\u00c9, o cansa\u00e7o bateu e umas dorezinhas que nunca tive come\u00e7aram a aparecer. Estou com 41 anos e percebo que est\u00e1 cada vez mais dif\u00edcil correr atr\u00e1s dessa molecada de 20, 21 anos. Mas, com certeza, a sensa\u00e7\u00e3o que fica \u00e9 a de dever cumprido\u201d, finalizou.<\/p>\n<p>Falc\u00e3o come\u00e7ou a jogar futsal profissionalmente em 1994, no Corinthians. Agora, aos 41, ele olha para tr\u00e1s e v\u00ea suas passagens por dez clubes diferentes e 73 t\u00edtulos conquistados, al\u00e9m da Sele\u00e7\u00e3o Brasileira, a qual defende h\u00e1 20 anos. Com a amarelinha, Falc\u00e3o possui 29 ta\u00e7as em 258 jogos disputados e 401 gols marcados. Entre as principais conquistas pela Sele\u00e7\u00e3o est\u00e3o duas Copas do Mundo, cinco Copas Am\u00e9rica e 11 Grand Prix. J\u00e1 pelos clubes, a lista \u00e9 ainda maior: dois Mundiais (2008 e 2012), sete Libertadores, sete Sul-Americanos, nove torneios nacionais e 13 estaduais.<\/p>\n<p>Ao lado do portugu\u00eas Ricardinho, Falc\u00e3o\u00a0tem quatro trof\u00e9us de melhor jogador do mundo de futsal \u2013 e eles s\u00e3o os \u00fanicos a terem alcan\u00e7ado este n\u00famero.<\/p>\n<p>.Fonte: Gazeta Press<\/p>\n","protected":false},"excerpt":{"rendered":"<p>Com um gol de letra e outro de cobertura, Falc\u00e3o se despediu da Sele\u00e7\u00e3o Brasileira no \u00faltimo dia 28 de outubro. Neste domingo, no entanto, o craque estendeu seu adeus ao futsal no geral em entrevista ao Esporte Espetacular, da\u00a0Rede Globo, dizendo que apenas fechar\u00e1 seus compromissos neste ano com o Magnus, equipe de Sorocaba [&hellip;]<\/p>\n","protected":false},"author":96,"featured_media":124828,"comment_status":"closed","ping_status":"closed","sticky":false,"template":"","format":"standard","meta":{"footnotes":""},"categories":[257,439],"tags":[],"class_list":["post-124827","post","type-post","status-publish","format-standard","has-post-thumbnail","hentry","category-esporte","category-ultima-hora"],"_links":{"self":[{"href":"https:\/\/diarioregionaldigital.com.br\/index.php?rest_route=\/wp\/v2\/posts\/124827","targetHints":{"allow":["GET"]}}],"collection":[{"href":"https:\/\/diarioregionaldigital.com.br\/index.php?rest_route=\/wp\/v2\/posts"}],"about":[{"href":"https:\/\/diarioregionaldigital.com.br\/index.php?rest_route=\/wp\/v2\/types\/post"}],"author":[{"embeddable":true,"href":"https:\/\/diarioregionaldigital.com.br\/index.php?rest_route=\/wp\/v2\/users\/96"}],"replies":[{"embeddable":true,"href":"https:\/\/diarioregionaldigital.com.br\/index.php?rest_route=%2Fwp%2Fv2%2Fcomments&post=124827"}],"version-history":[{"count":0,"href":"https:\/\/diarioregionaldigital.com.br\/index.php?rest_route=\/wp\/v2\/posts\/124827\/revisions"}],"wp:featuredmedia":[{"embeddable":true,"href":"https:\/\/diarioregionaldigital.com.br\/index.php?rest_route=\/wp\/v2\/media\/124828"}],"wp:attachment":[{"href":"https:\/\/diarioregionaldigital.com.br\/index.php?rest_route=%2Fwp%2Fv2%2Fmedia&parent=124827"}],"wp:term":[{"taxonomy":"category","embeddable":true,"href":"https:\/\/diarioregionaldigital.com.br\/index.php?rest_route=%2Fwp%2Fv2%2Fcategories&post=124827"},{"taxonomy":"post_tag","embeddable":true,"href":"https:\/\/diarioregionaldigital.com.br\/index.php?rest_route=%2Fwp%2Fv2%2Ftags&post=124827"}],"curies":[{"name":"wp","href":"https:\/\/api.w.org\/{rel}","templated":true}]}}