{"id":124818,"date":"2018-11-05T14:29:16","date_gmt":"2018-11-05T16:29:16","guid":{"rendered":"https:\/\/diarioregionaldigital.com.br\/?p=124818"},"modified":"2018-11-05T14:29:16","modified_gmt":"2018-11-05T16:29:16","slug":"envolvidos-na-morte-de-daniel-devem-prestar-depoimento-nesta-segunda","status":"publish","type":"post","link":"https:\/\/diarioregionaldigital.com.br\/?p=124818","title":{"rendered":"Envolvidos na morte de Daniel devem prestar depoimento nesta segunda"},"content":{"rendered":"<p>Nesta segunda-feira, 5, a Pol\u00edcia Civil de S\u00e3o Jos\u00e9 dos Pinhais, na Regi\u00e3o Metropolitana de Curitiba, deve ouvir algumas pessoas envolvidas na morte do meia Daniel, ex-S\u00e3o Paulo. O empres\u00e1rio Edison Brittes J\u00fanior; a sua esposa, Cristiana Brittes; e a filha, Allana Brittes, devem ser os primeiros a prestar depoimento.<\/p>\n<p>Os tr\u00eas est\u00e3o presos temporariamente, sendo que Edison confessou ter matado Daniel. A justificativa dada pelo empres\u00e1rio foi de descontrole emocional, uma vez que, segundo ele, o jogador teria tentado estuprar Cristiana, sua esposa.<\/p>\n<p>Outras tr\u00eas pessoas que acompanharam o crime, mas n\u00e3o tiveram suas identidades reveladas, tamb\u00e9m devem prestar depoimento nesta segunda-feira, a fim de contribuir com as investiga\u00e7\u00f5es que se arrastam desde o dia 27 de outubro, quando o corpo de Daniel foi encontrado.<\/p>\n<p><strong>O crime<\/strong><\/p>\n<p>Com o p\u00eanis decepado por uma faca e cortes profundos no pesco\u00e7o, Daniel foi encontrado morto na noite do dia 27 de outubro, domingo, numa estrada de terra na Col\u00f4nia Mergulh\u00e3o, em S\u00e3o Jos\u00e9 dos Pinhais.<\/p>\n<p>O crime, de motiva\u00e7\u00e3o passional, ocorreu ap\u00f3s uma festa de 18 anos da filha de Edison Brittes. Segundo o delegado Amadeu Trevisan, da Delegacia de S\u00e3o Jos\u00e9 dos Pinhais, ela teria convidado Daniel para a festa, que contou com cerca de dez pessoas. Na casa do empres\u00e1rio, o jogador teria aproveitado o estado de embriaguez da esposa de Brittes para se trancar no quarto e tirar fotos ao lado dela.<\/p>\n<p>&nbsp;<\/p>\n","protected":false},"excerpt":{"rendered":"<p>Nesta segunda-feira, 5, a Pol\u00edcia Civil de S\u00e3o Jos\u00e9 dos Pinhais, na Regi\u00e3o Metropolitana de Curitiba, deve ouvir algumas pessoas envolvidas na morte do meia Daniel, ex-S\u00e3o Paulo. O empres\u00e1rio Edison Brittes J\u00fanior; a sua esposa, Cristiana Brittes; e a filha, Allana Brittes, devem ser os primeiros a prestar depoimento. Os tr\u00eas est\u00e3o presos temporariamente, [&hellip;]<\/p>\n","protected":false},"author":96,"featured_media":124822,"comment_status":"closed","ping_status":"closed","sticky":false,"template":"","format":"standard","meta":{"footnotes":""},"categories":[257,439],"tags":[],"class_list":["post-124818","post","type-post","status-publish","format-standard","has-post-thumbnail","hentry","category-esporte","category-ultima-hora"],"_links":{"self":[{"href":"https:\/\/diarioregionaldigital.com.br\/index.php?rest_route=\/wp\/v2\/posts\/124818","targetHints":{"allow":["GET"]}}],"collection":[{"href":"https:\/\/diarioregionaldigital.com.br\/index.php?rest_route=\/wp\/v2\/posts"}],"about":[{"href":"https:\/\/diarioregionaldigital.com.br\/index.php?rest_route=\/wp\/v2\/types\/post"}],"author":[{"embeddable":true,"href":"https:\/\/diarioregionaldigital.com.br\/index.php?rest_route=\/wp\/v2\/users\/96"}],"replies":[{"embeddable":true,"href":"https:\/\/diarioregionaldigital.com.br\/index.php?rest_route=%2Fwp%2Fv2%2Fcomments&post=124818"}],"version-history":[{"count":0,"href":"https:\/\/diarioregionaldigital.com.br\/index.php?rest_route=\/wp\/v2\/posts\/124818\/revisions"}],"wp:featuredmedia":[{"embeddable":true,"href":"https:\/\/diarioregionaldigital.com.br\/index.php?rest_route=\/wp\/v2\/media\/124822"}],"wp:attachment":[{"href":"https:\/\/diarioregionaldigital.com.br\/index.php?rest_route=%2Fwp%2Fv2%2Fmedia&parent=124818"}],"wp:term":[{"taxonomy":"category","embeddable":true,"href":"https:\/\/diarioregionaldigital.com.br\/index.php?rest_route=%2Fwp%2Fv2%2Fcategories&post=124818"},{"taxonomy":"post_tag","embeddable":true,"href":"https:\/\/diarioregionaldigital.com.br\/index.php?rest_route=%2Fwp%2Fv2%2Ftags&post=124818"}],"curies":[{"name":"wp","href":"https:\/\/api.w.org\/{rel}","templated":true}]}}