{"id":124815,"date":"2018-11-05T14:11:41","date_gmt":"2018-11-05T16:11:41","guid":{"rendered":"https:\/\/diarioregionaldigital.com.br\/?p=124815"},"modified":"2018-11-05T14:11:41","modified_gmt":"2018-11-05T16:11:41","slug":"juiz-forano-felipe-surian-e-o-novo-treinador-do-baeta","status":"publish","type":"post","link":"https:\/\/diarioregionaldigital.com.br\/?p=124815","title":{"rendered":"Juiz-forano Felipe Surian \u00e9 o novo treinador do Baeta"},"content":{"rendered":"<p>O juiz-forano Felipe da Silva Surian, de 37 anos, ser\u00e1 o treinador do Tupynamb\u00e1s Futebol Clube para a temporada 2019. O acordo entre o profissional e o Diretor Executivo do Futebol do Baeta, Alberto Sim\u00e3o, foi selado no \u00faltimo final de semana, em reuni\u00e3o na cidade.<\/p>\n<p>Ex-zagueiro, o comandante do Le\u00e3o do Po\u00e7o Rico esteve, por \u00faltimo, na campanha do Uberl\u00e2ndia Esporte Clube, que chegou \u00e0s oitavas de finais do Campeonato Brasileiro da S\u00e9rie D.<\/p>\n<p>Em 2011, no t\u00edtulo do Tupi na S\u00e9rie D daquela temporada, Surian era auxiliar t\u00e9cnico. Al\u00e9m do Galo Carij\u00f3, o treinador esteve no An\u00e1polis (GO), Caldense, Villa Nova (MG), Volta Redonda (RJ), Am\u00e9rica (RN) e, por \u00faltimo, o Uberl\u00e2ndia.<\/p>\n<p>Em 2013, comandando o Tupi, conquistou o acesso \u00e0 S\u00e9rie C. Em 2016, sob o comando do Volta Redonda (RJ), conquistou a Ta\u00e7a Rio e a S\u00e9rie D do Campeonato Brasileiro de forma invicta.<\/p>\n<p>Quem chega para ser auxiliar t\u00e9cnico do clube \u00e9 o ex-jogador Osmar Coelho, de 36 anos. O acordo foi a pedido do treinador Felipe Surian, onde estiveram, juntos, no Uberl\u00e2ndia, nesta temporada. Osmar foi atleta de Surian nas passagens pelo Volta Redonda (MG) e no Am\u00e9rica (RN).<\/p>\n<p>Felipe Surian e \u00a0Alberto Sim\u00e3o seguem em contato di\u00e1rio para a montagem do elenco visando a disputa da elite do futebol mineiro em 2019. A expectativa \u00e9 que o elenco se apresente para iniciar os trabalhos entre a primeira e a segunda semana de dezembro.<\/p>\n<p>O Campeonato Mineiro 2019 ter\u00e1 in\u00edcio no dia 19 de janeiro e t\u00e9rmino previsto em 21 de abril.<\/p>\n<p><strong>Fonte: Tupynamb\u00e1s F.C <\/strong><\/p>\n","protected":false},"excerpt":{"rendered":"<p>O juiz-forano Felipe da Silva Surian, de 37 anos, ser\u00e1 o treinador do Tupynamb\u00e1s Futebol Clube para a temporada 2019. O acordo entre o profissional e o Diretor Executivo do Futebol do Baeta, Alberto Sim\u00e3o, foi selado no \u00faltimo final de semana, em reuni\u00e3o na cidade. Ex-zagueiro, o comandante do Le\u00e3o do Po\u00e7o Rico esteve, [&hellip;]<\/p>\n","protected":false},"author":96,"featured_media":124816,"comment_status":"closed","ping_status":"closed","sticky":false,"template":"","format":"standard","meta":{"footnotes":""},"categories":[257,439],"tags":[],"class_list":["post-124815","post","type-post","status-publish","format-standard","has-post-thumbnail","hentry","category-esporte","category-ultima-hora"],"_links":{"self":[{"href":"https:\/\/diarioregionaldigital.com.br\/index.php?rest_route=\/wp\/v2\/posts\/124815","targetHints":{"allow":["GET"]}}],"collection":[{"href":"https:\/\/diarioregionaldigital.com.br\/index.php?rest_route=\/wp\/v2\/posts"}],"about":[{"href":"https:\/\/diarioregionaldigital.com.br\/index.php?rest_route=\/wp\/v2\/types\/post"}],"author":[{"embeddable":true,"href":"https:\/\/diarioregionaldigital.com.br\/index.php?rest_route=\/wp\/v2\/users\/96"}],"replies":[{"embeddable":true,"href":"https:\/\/diarioregionaldigital.com.br\/index.php?rest_route=%2Fwp%2Fv2%2Fcomments&post=124815"}],"version-history":[{"count":0,"href":"https:\/\/diarioregionaldigital.com.br\/index.php?rest_route=\/wp\/v2\/posts\/124815\/revisions"}],"wp:featuredmedia":[{"embeddable":true,"href":"https:\/\/diarioregionaldigital.com.br\/index.php?rest_route=\/wp\/v2\/media\/124816"}],"wp:attachment":[{"href":"https:\/\/diarioregionaldigital.com.br\/index.php?rest_route=%2Fwp%2Fv2%2Fmedia&parent=124815"}],"wp:term":[{"taxonomy":"category","embeddable":true,"href":"https:\/\/diarioregionaldigital.com.br\/index.php?rest_route=%2Fwp%2Fv2%2Fcategories&post=124815"},{"taxonomy":"post_tag","embeddable":true,"href":"https:\/\/diarioregionaldigital.com.br\/index.php?rest_route=%2Fwp%2Fv2%2Ftags&post=124815"}],"curies":[{"name":"wp","href":"https:\/\/api.w.org\/{rel}","templated":true}]}}