{"id":124812,"date":"2018-11-05T12:30:56","date_gmt":"2018-11-05T14:30:56","guid":{"rendered":"https:\/\/diarioregionaldigital.com.br\/?p=124812"},"modified":"2018-11-05T12:30:56","modified_gmt":"2018-11-05T14:30:56","slug":"os-eleitos-e-o-brasil-sob-materna-protecao","status":"publish","type":"post","link":"https:\/\/diarioregionaldigital.com.br\/?p=124812","title":{"rendered":"Os Eleitos e o Brasil sob Materna Prote\u00e7\u00e3o"},"content":{"rendered":"<p>O cora\u00e7\u00e3o da maioria dos brasileiros confia na intercess\u00e3o de Maria, a M\u00e3e do Senhor. Afinal, foi a Virgem de Nazar\u00e9 que socorreu a fam\u00edlia de Can\u00e1 da Galileia, quando esteve em apuros. Dirigindo-se a Jesus, sua prece de intercess\u00e3o foi atendida de imediato. A \u00fanica recomenda\u00e7\u00e3o dada por ela foi essa: \u201cFazei tudo o que ele vos disser\u201d (Jo 2, 5). Assim, segundo as Escrituras, se deu o primeiro milagre de Cristo.<\/p>\n<p>Nesta hora de novas esperan\u00e7as para o Brasil e os Estados da Federa\u00e7\u00e3o, quem cr\u00ea nessa verdade n\u00e3o deixar\u00e1 de invocar sua prote\u00e7\u00e3o, suplicando que ampare os rec\u00e9m-eleitos, bem como as fam\u00edlias, a vida, a dignidade humana, a paz social e a democracia. Debaixo do manto de Nossa Senhora e Nossa Rainha, os fi\u00e9is brasileiros colocam as crian\u00e7as para que n\u00e3o sejam maculadas com ideologias agressivas \u00e0 moralidade e \u00e0 ci\u00eancia, depositam os 14 milh\u00f5es de desempregados gerados pela crise dos \u00faltimos anos, introduzem a falta de seguran\u00e7a diante do crescimento assustador de crimes, suic\u00eddios e viol\u00eancia. Tamb\u00e9m esperam solu\u00e7\u00f5es vi\u00e1veis para as quest\u00f5es trabalhistas, o uso ou n\u00e3o de armas, a reforma do sistema carcer\u00e1rio que hoje n\u00e3o consegue restaurar a vida dos apenados. Outros pontos preocupantes, para governantes e o povo, s\u00e3o como vencer a desumanidade dos abortistas, a incompreens\u00edvel proposta de socializa\u00e7\u00e3o das drogas il\u00edcitas, a corrup\u00e7\u00e3o pol\u00edtica, as quest\u00f5es ecol\u00f3gicas, o insuficiente saneamento b\u00e1sico e a educa\u00e7\u00e3o destorcida para crian\u00e7as entregues ao Estado em tempo integral, com m\u00ednimo de participa\u00e7\u00e3o dos pais. Muitos outros problemas estar\u00e3o na pauta dos novos governantes e na esperan\u00e7a dos brasileiros.<\/p>\n<p>Quanto ao aborto, o Papa Francisco, na catequese que fez dia 10 de outubro passado, afirmou: \u201cInterromper uma gravidez \u00e9 o mesmo que eliminar algu\u00e9m. \u00c9 justo eliminar uma vida humana para resolver um problema? &#8230; \u00c9 justo contratar um matador de aluguel para resolver um problema? N\u00e3o, isso n\u00e3o \u00e9 justo\u201d. Em junho passado, o Papa Francisco havia comentado com severidade comparando o aborto feito em caso de malforma\u00e7\u00e3o do feto, como programa de \u201ceugenia da era nazista. \u201d<\/p>\n<p>Alimentemos nossa esperan\u00e7a. Confiamos na intercess\u00e3o de nossa M\u00e3e e Padroeira que pedir\u00e1 ao Pai e ao Filho, que enviem o Esp\u00edrito Santo para iluminar os eleitos nos Poderes executivo e legislativo, e tamb\u00e9m sobre o judici\u00e1rio para que a vida seja defendida em sua integralidade.<\/p>\n<p>Sobre a devo\u00e7\u00e3o dos brasileiros a Nossa Senhora Aparecida, o Papa Francisco escreveu aos Bispos reunidos na 36\u00aa Assembleia da Confer\u00eancia Episcopal Latino Americana, em maio de 2015, afirmando: \u201cEm Aparecida,<\/p>\n<p>encontramos a din\u00e2mica do povo fiel que se confessa pecador e salvo (&#8230;), um povo consciente de que suas redes, sua vida, est\u00e1 cheia de uma presen\u00e7a que o anima a n\u00e3o perder a esperan\u00e7a; uma presen\u00e7a que se esconde no cotidiano do lugar e das fam\u00edlias, nestes silenciosos espa\u00e7os em que o Esp\u00edrito Santo continua apontando ao nosso Continente. Tudo isto nos apresenta o formoso \u00edcone que a n\u00f3s pastores convida a contemplar\u201d.<\/p>\n<p>O atual Sucessor de Pedro j\u00e1 havia valorizado a celebra\u00e7\u00e3o e o amor do povo brasileiro a Nossa Senhora, com outros expressivos gestos. Concedeu indulg\u00eancia plen\u00e1ria, durante o Ano Mariano, aos peregrinos do Santu\u00e1rio Nacional e das Par\u00f3quias a ela dedicadas, mandou edificar, nos jardins do Vaticano, monumento \u00e0 \u201cPadroeira do Brasil\u201d, enviou mensagens, escreveu ora\u00e7\u00e3o, mandou seu Legado para as celebra\u00e7\u00f5es dos trezentos anos do encontro da imagem em 2017, por fim, ofereceu a Rosa de Ouro ao Santu\u00e1rio de Aparecida, pr\u00eamio raro e singular que a Santa S\u00e9 reserva para ocasi\u00f5es muito especiais, tendo afirmado anteriormente, que \u201cDeus ofereceu ao Brasil a sua pr\u00f3pria M\u00e3e\u201d.<\/p>\n<p>Ela acompanhe passo a passo e aben\u00e7oe o novo Presidente da Rep\u00fablica, Jair Messias Bolsonaro, o Governador de Minas, Sr. Romeu Zema Neto e todos os demais eleitos. Todos estamos, com f\u00e9 em Deus e a prote\u00e7\u00e3o materna de Maria, torcendo pelo Brasil<\/p>\n","protected":false},"excerpt":{"rendered":"<p>O cora\u00e7\u00e3o da maioria dos brasileiros confia na intercess\u00e3o de Maria, a M\u00e3e do Senhor. Afinal, foi a Virgem de Nazar\u00e9 que socorreu a fam\u00edlia de Can\u00e1 da Galileia, quando esteve em apuros. Dirigindo-se a Jesus, sua prece de intercess\u00e3o foi atendida de imediato. A \u00fanica recomenda\u00e7\u00e3o dada por ela foi essa: \u201cFazei tudo o [&hellip;]<\/p>\n","protected":false},"author":96,"featured_media":0,"comment_status":"closed","ping_status":"closed","sticky":false,"template":"","format":"standard","meta":{"footnotes":""},"categories":[276],"tags":[],"class_list":["post-124812","post","type-post","status-publish","format-standard","hentry","category-dom-gil"],"_links":{"self":[{"href":"https:\/\/diarioregionaldigital.com.br\/index.php?rest_route=\/wp\/v2\/posts\/124812","targetHints":{"allow":["GET"]}}],"collection":[{"href":"https:\/\/diarioregionaldigital.com.br\/index.php?rest_route=\/wp\/v2\/posts"}],"about":[{"href":"https:\/\/diarioregionaldigital.com.br\/index.php?rest_route=\/wp\/v2\/types\/post"}],"author":[{"embeddable":true,"href":"https:\/\/diarioregionaldigital.com.br\/index.php?rest_route=\/wp\/v2\/users\/96"}],"replies":[{"embeddable":true,"href":"https:\/\/diarioregionaldigital.com.br\/index.php?rest_route=%2Fwp%2Fv2%2Fcomments&post=124812"}],"version-history":[{"count":0,"href":"https:\/\/diarioregionaldigital.com.br\/index.php?rest_route=\/wp\/v2\/posts\/124812\/revisions"}],"wp:attachment":[{"href":"https:\/\/diarioregionaldigital.com.br\/index.php?rest_route=%2Fwp%2Fv2%2Fmedia&parent=124812"}],"wp:term":[{"taxonomy":"category","embeddable":true,"href":"https:\/\/diarioregionaldigital.com.br\/index.php?rest_route=%2Fwp%2Fv2%2Fcategories&post=124812"},{"taxonomy":"post_tag","embeddable":true,"href":"https:\/\/diarioregionaldigital.com.br\/index.php?rest_route=%2Fwp%2Fv2%2Ftags&post=124812"}],"curies":[{"name":"wp","href":"https:\/\/api.w.org\/{rel}","templated":true}]}}