{"id":124806,"date":"2018-11-05T11:46:19","date_gmt":"2018-11-05T13:46:19","guid":{"rendered":"https:\/\/diarioregionaldigital.com.br\/?p=124806"},"modified":"2018-11-05T11:46:19","modified_gmt":"2018-11-05T13:46:19","slug":"projeto-dialogos-e-filosofia-e-teatro-e-realizado-na-ufjf","status":"publish","type":"post","link":"https:\/\/diarioregionaldigital.com.br\/?p=124806","title":{"rendered":"Projeto &#8220;Di\u00e1logos e Filosofia e Teatro&#8221; \u00e9 realizado na UFJF"},"content":{"rendered":"<p>A partir de desta quarta-feira, 7, pesquisadores da Universidade Federal de Juiz de Fora (UFJF) iniciam o projeto &#8220;Di\u00e1logos Filosofia e Teatro &#8211; Sarte e Nietzshe&#8221;. O grupo \u00e9 aberto para a comunidade acad\u00eamica e para as pessoas que se interessam sobre o tema.<\/p>\n<p>O evento tem como objetivo levar o p\u00fablico ao di\u00e1logo aberto e \u00e0 reflex\u00e3o cr\u00edtica, numa livre interpreta\u00e7\u00e3o, abrindo as cortinas entre fic\u00e7\u00e3o e realidade nos palcos da vida. As reuni\u00f5es acontecem nos dias 7, 14, 21 e 28 de novembro, e em 5 dezembro de 2018, \u00e0s 17hrs, na sala 06, do ICH.\u00a0A programa\u00e7\u00e3o se estender\u00e1 nos dois semestres letivos de 2019, ao todo s\u00e3o 18 meses de atividades.<\/p>\n<p>Os envolvidos no projeto s\u00e3o o professor da Faculdade de Filosofia da UFJF Luciano Donizetti da Silva, a pesquisadora Joana Brito de Lima Silva, e os bolsistas Ant\u00f4nio Policarpo, Breno Goytacazes, Jucelen Nogueira, Renan Sousa e Saulo Schetini. Os participantes com aproveitamento receber\u00e3o, ao final do projeto, um certificado de participa\u00e7\u00e3o emitido pela PROEX-UFJF.<\/p>\n<p>As inscri\u00e7\u00f5es para participa\u00e7\u00e3o nas reuni\u00f5es do projeto est\u00e3o dispon\u00edveis e podem ser feitas no site\u00a0<em><a href=\"http:\/\/www.sympla.com.br\/\">www.sympla.com.br<\/a>\\dialogos-filosofia-e-teatro-nietzsche-e-sartre.<\/em><\/p>\n","protected":false},"excerpt":{"rendered":"<p>A partir de desta quarta-feira, 7, pesquisadores da Universidade Federal de Juiz de Fora (UFJF) iniciam o projeto &#8220;Di\u00e1logos Filosofia e Teatro &#8211; Sarte e Nietzshe&#8221;. O grupo \u00e9 aberto para a comunidade acad\u00eamica e para as pessoas que se interessam sobre o tema. O evento tem como objetivo levar o p\u00fablico ao di\u00e1logo aberto [&hellip;]<\/p>\n","protected":false},"author":96,"featured_media":0,"comment_status":"closed","ping_status":"closed","sticky":false,"template":"","format":"standard","meta":{"footnotes":""},"categories":[253,439],"tags":[],"class_list":["post-124806","post","type-post","status-publish","format-standard","hentry","category-cidade","category-ultima-hora"],"_links":{"self":[{"href":"https:\/\/diarioregionaldigital.com.br\/index.php?rest_route=\/wp\/v2\/posts\/124806","targetHints":{"allow":["GET"]}}],"collection":[{"href":"https:\/\/diarioregionaldigital.com.br\/index.php?rest_route=\/wp\/v2\/posts"}],"about":[{"href":"https:\/\/diarioregionaldigital.com.br\/index.php?rest_route=\/wp\/v2\/types\/post"}],"author":[{"embeddable":true,"href":"https:\/\/diarioregionaldigital.com.br\/index.php?rest_route=\/wp\/v2\/users\/96"}],"replies":[{"embeddable":true,"href":"https:\/\/diarioregionaldigital.com.br\/index.php?rest_route=%2Fwp%2Fv2%2Fcomments&post=124806"}],"version-history":[{"count":0,"href":"https:\/\/diarioregionaldigital.com.br\/index.php?rest_route=\/wp\/v2\/posts\/124806\/revisions"}],"wp:attachment":[{"href":"https:\/\/diarioregionaldigital.com.br\/index.php?rest_route=%2Fwp%2Fv2%2Fmedia&parent=124806"}],"wp:term":[{"taxonomy":"category","embeddable":true,"href":"https:\/\/diarioregionaldigital.com.br\/index.php?rest_route=%2Fwp%2Fv2%2Fcategories&post=124806"},{"taxonomy":"post_tag","embeddable":true,"href":"https:\/\/diarioregionaldigital.com.br\/index.php?rest_route=%2Fwp%2Fv2%2Ftags&post=124806"}],"curies":[{"name":"wp","href":"https:\/\/api.w.org\/{rel}","templated":true}]}}