{"id":124792,"date":"2018-11-05T09:00:44","date_gmt":"2018-11-05T11:00:44","guid":{"rendered":"https:\/\/diarioregionaldigital.com.br\/?p=124792"},"modified":"2018-11-05T10:47:43","modified_gmt":"2018-11-05T12:47:43","slug":"acidente-na-br-116-deixa-uma-pessoa-morta","status":"publish","type":"post","link":"https:\/\/diarioregionaldigital.com.br\/?p=124792","title":{"rendered":"Acidente na BR-116 deixa uma pessoa morta"},"content":{"rendered":"<p>Um homem de 60 anos morreu e uma mulher de 61 anos ficou gravemente ferida ap\u00f3s o ve\u00edculo em que viajavam, uma VW\/Amarok, placas de Niter\u00f3i\/RJ, chocar-se frontalmente com uma carreta Scania, placas de Manoel Vitorino\/BA, na noite desse domingo, 4, na BR-116 em Leopoldina.<\/p>\n<p>Segundo informa\u00e7\u00f5es da Pol\u00edcia Rodovi\u00e1ria Federal (PRF), o acidente aconteceu pr\u00f3ximo ao Km 780. A caminhonete seguia sentido a Leopoldina e a carreta em sentido contr\u00e1rio, chovia no momento do acidente. Com o impacto, o ve\u00edculo foi jogado para fora da pista em uma ribanceira.\u00a0O condutor morreu na hora. Sua esposa foi socorrida em estado grave e encaminhada para o Pronto Socorro da Casa de Caridade Leopoldinense e dever\u00e1 ser transferida para outro hospital devido \u00e0 gravidade dos ferimentos. O caminhoneiro n\u00e3o se feriu.<\/p>\n<p>A Per\u00edcia T\u00e9cnica da Pol\u00edcia Civil foi acionada e ap\u00f3s os trabalhos no local o corpo da v\u00edtima, foi liberado e encaminhado ao Instituto M\u00e9dico Legal de Leopoldina. As causas do acidente ser\u00e3o investigadas.<\/p>\n<p><em>Fonte: M\u00eddia Mineira<\/em><\/p>\n","protected":false},"excerpt":{"rendered":"<p>Um homem de 60 anos morreu e uma mulher de 61 anos ficou gravemente ferida ap\u00f3s o ve\u00edculo em que viajavam, uma VW\/Amarok, placas de Niter\u00f3i\/RJ, chocar-se frontalmente com uma carreta Scania, placas de Manoel Vitorino\/BA, na noite desse domingo, 4, na BR-116 em Leopoldina. Segundo informa\u00e7\u00f5es da Pol\u00edcia Rodovi\u00e1ria Federal (PRF), o acidente aconteceu [&hellip;]<\/p>\n","protected":false},"author":96,"featured_media":0,"comment_status":"closed","ping_status":"closed","sticky":false,"template":"","format":"standard","meta":{"footnotes":""},"categories":[436,440,252,439],"tags":[],"class_list":["post-124792","post","type-post","status-publish","format-standard","hentry","category-destaque-da-semana","category-destaques-do-dia","category-regiao","category-ultima-hora"],"_links":{"self":[{"href":"https:\/\/diarioregionaldigital.com.br\/index.php?rest_route=\/wp\/v2\/posts\/124792","targetHints":{"allow":["GET"]}}],"collection":[{"href":"https:\/\/diarioregionaldigital.com.br\/index.php?rest_route=\/wp\/v2\/posts"}],"about":[{"href":"https:\/\/diarioregionaldigital.com.br\/index.php?rest_route=\/wp\/v2\/types\/post"}],"author":[{"embeddable":true,"href":"https:\/\/diarioregionaldigital.com.br\/index.php?rest_route=\/wp\/v2\/users\/96"}],"replies":[{"embeddable":true,"href":"https:\/\/diarioregionaldigital.com.br\/index.php?rest_route=%2Fwp%2Fv2%2Fcomments&post=124792"}],"version-history":[{"count":0,"href":"https:\/\/diarioregionaldigital.com.br\/index.php?rest_route=\/wp\/v2\/posts\/124792\/revisions"}],"wp:attachment":[{"href":"https:\/\/diarioregionaldigital.com.br\/index.php?rest_route=%2Fwp%2Fv2%2Fmedia&parent=124792"}],"wp:term":[{"taxonomy":"category","embeddable":true,"href":"https:\/\/diarioregionaldigital.com.br\/index.php?rest_route=%2Fwp%2Fv2%2Fcategories&post=124792"},{"taxonomy":"post_tag","embeddable":true,"href":"https:\/\/diarioregionaldigital.com.br\/index.php?rest_route=%2Fwp%2Fv2%2Ftags&post=124792"}],"curies":[{"name":"wp","href":"https:\/\/api.w.org\/{rel}","templated":true}]}}