{"id":124778,"date":"2018-11-05T09:57:58","date_gmt":"2018-11-05T11:57:58","guid":{"rendered":"https:\/\/diarioregionaldigital.com.br\/?p=124778"},"modified":"2018-11-05T10:01:42","modified_gmt":"2018-11-05T12:01:42","slug":"lanchonete-pega-fogo-em-sao-joao-del-rei","status":"publish","type":"post","link":"https:\/\/diarioregionaldigital.com.br\/?p=124778","title":{"rendered":"Lanchonete pega fogo em S\u00e3o Jo\u00e3o Del Rei"},"content":{"rendered":"<p>Uma lanchonete localizada na rua Rubens Gomes em S\u00e3o Jo\u00e3o Del Rei pegou fogo na noite desse domingo, 4. O Corpo de Bombeiros foi acionado para combater as chamas. Os militares efetuaram o rescaldo e retiraram sete botij\u00f5es de g\u00e1s.<\/p>\n<p>Segundo relatos do propriet\u00e1rio o inc\u00eandio come\u00e7ou na mangueira do botij\u00e3o.\u00a0Foram queimadas parcialmente tr\u00eas fritadeiras, uma coifa, uma janela e o piso da cozinha.\u00a0O propriet\u00e1rio foi orientado ap\u00f3s o incidente. Apesar do susto, n\u00e3o houve v\u00edtimas.<\/p>\n","protected":false},"excerpt":{"rendered":"<p>Uma lanchonete localizada na rua Rubens Gomes em S\u00e3o Jo\u00e3o Del Rei pegou fogo na noite desse domingo, 4. O Corpo de Bombeiros foi acionado para combater as chamas. Os militares efetuaram o rescaldo e retiraram sete botij\u00f5es de g\u00e1s. Segundo relatos do propriet\u00e1rio o inc\u00eandio come\u00e7ou na mangueira do botij\u00e3o.\u00a0Foram queimadas parcialmente tr\u00eas fritadeiras, [&hellip;]<\/p>\n","protected":false},"author":96,"featured_media":0,"comment_status":"closed","ping_status":"closed","sticky":false,"template":"","format":"standard","meta":{"footnotes":""},"categories":[252,439],"tags":[],"class_list":["post-124778","post","type-post","status-publish","format-standard","hentry","category-regiao","category-ultima-hora"],"_links":{"self":[{"href":"https:\/\/diarioregionaldigital.com.br\/index.php?rest_route=\/wp\/v2\/posts\/124778","targetHints":{"allow":["GET"]}}],"collection":[{"href":"https:\/\/diarioregionaldigital.com.br\/index.php?rest_route=\/wp\/v2\/posts"}],"about":[{"href":"https:\/\/diarioregionaldigital.com.br\/index.php?rest_route=\/wp\/v2\/types\/post"}],"author":[{"embeddable":true,"href":"https:\/\/diarioregionaldigital.com.br\/index.php?rest_route=\/wp\/v2\/users\/96"}],"replies":[{"embeddable":true,"href":"https:\/\/diarioregionaldigital.com.br\/index.php?rest_route=%2Fwp%2Fv2%2Fcomments&post=124778"}],"version-history":[{"count":0,"href":"https:\/\/diarioregionaldigital.com.br\/index.php?rest_route=\/wp\/v2\/posts\/124778\/revisions"}],"wp:attachment":[{"href":"https:\/\/diarioregionaldigital.com.br\/index.php?rest_route=%2Fwp%2Fv2%2Fmedia&parent=124778"}],"wp:term":[{"taxonomy":"category","embeddable":true,"href":"https:\/\/diarioregionaldigital.com.br\/index.php?rest_route=%2Fwp%2Fv2%2Fcategories&post=124778"},{"taxonomy":"post_tag","embeddable":true,"href":"https:\/\/diarioregionaldigital.com.br\/index.php?rest_route=%2Fwp%2Fv2%2Ftags&post=124778"}],"curies":[{"name":"wp","href":"https:\/\/api.w.org\/{rel}","templated":true}]}}