{"id":124766,"date":"2018-11-05T08:10:57","date_gmt":"2018-11-05T10:10:57","guid":{"rendered":"https:\/\/diarioregionaldigital.com.br\/?p=124766"},"modified":"2018-11-05T08:10:57","modified_gmt":"2018-11-05T10:10:57","slug":"quatro-homens-assaltam-pedestre-na-zona-sul-de-juiz-de-fora","status":"publish","type":"post","link":"https:\/\/diarioregionaldigital.com.br\/?p=124766","title":{"rendered":"Quatro homens assaltam pedestre na zona Sul de Juiz de Fora"},"content":{"rendered":"<p>Quatro assaltantes roubaram um homem, de 26 anos, no bairro Alto dos Passos, zona Sul de Juiz de Fora, na madrugada dessa segunda-feira, 05. O crime aconteceu na Rua Severiano Sarmento, onde a v\u00edtima passava pouco depois da meia noite.<\/p>\n<p>Um dos autores estava armado com uma faca e amea\u00e7ou \u00e0 v\u00edtima, anunciando o assalto e roubando dela o aparelho celular.<\/p>\n<p>Ap\u00f3s o assalto, os indiv\u00edduos fugiram e n\u00e3o foram localizados pela Pol\u00edcia Militar.<\/p>\n","protected":false},"excerpt":{"rendered":"<p>Quatro assaltantes roubaram um homem, de 26 anos, no bairro Alto dos Passos, zona Sul de Juiz de Fora, na madrugada dessa segunda-feira, 05. O crime aconteceu na Rua Severiano Sarmento, onde a v\u00edtima passava pouco depois da meia noite. Um dos autores estava armado com uma faca e amea\u00e7ou \u00e0 v\u00edtima, anunciando o assalto [&hellip;]<\/p>\n","protected":false},"author":96,"featured_media":95836,"comment_status":"closed","ping_status":"closed","sticky":false,"template":"","format":"standard","meta":{"footnotes":""},"categories":[301],"tags":[],"class_list":["post-124766","post","type-post","status-publish","format-standard","has-post-thumbnail","hentry","category-artigos-policiais"],"_links":{"self":[{"href":"https:\/\/diarioregionaldigital.com.br\/index.php?rest_route=\/wp\/v2\/posts\/124766","targetHints":{"allow":["GET"]}}],"collection":[{"href":"https:\/\/diarioregionaldigital.com.br\/index.php?rest_route=\/wp\/v2\/posts"}],"about":[{"href":"https:\/\/diarioregionaldigital.com.br\/index.php?rest_route=\/wp\/v2\/types\/post"}],"author":[{"embeddable":true,"href":"https:\/\/diarioregionaldigital.com.br\/index.php?rest_route=\/wp\/v2\/users\/96"}],"replies":[{"embeddable":true,"href":"https:\/\/diarioregionaldigital.com.br\/index.php?rest_route=%2Fwp%2Fv2%2Fcomments&post=124766"}],"version-history":[{"count":0,"href":"https:\/\/diarioregionaldigital.com.br\/index.php?rest_route=\/wp\/v2\/posts\/124766\/revisions"}],"wp:featuredmedia":[{"embeddable":true,"href":"https:\/\/diarioregionaldigital.com.br\/index.php?rest_route=\/wp\/v2\/media\/95836"}],"wp:attachment":[{"href":"https:\/\/diarioregionaldigital.com.br\/index.php?rest_route=%2Fwp%2Fv2%2Fmedia&parent=124766"}],"wp:term":[{"taxonomy":"category","embeddable":true,"href":"https:\/\/diarioregionaldigital.com.br\/index.php?rest_route=%2Fwp%2Fv2%2Fcategories&post=124766"},{"taxonomy":"post_tag","embeddable":true,"href":"https:\/\/diarioregionaldigital.com.br\/index.php?rest_route=%2Fwp%2Fv2%2Ftags&post=124766"}],"curies":[{"name":"wp","href":"https:\/\/api.w.org\/{rel}","templated":true}]}}