{"id":124761,"date":"2018-11-05T08:04:28","date_gmt":"2018-11-05T10:04:28","guid":{"rendered":"https:\/\/diarioregionaldigital.com.br\/?p=124761"},"modified":"2018-11-05T08:04:28","modified_gmt":"2018-11-05T10:04:28","slug":"jovens-tem-celular-e-mochila-roubados-no-bairro-dom-bosco","status":"publish","type":"post","link":"https:\/\/diarioregionaldigital.com.br\/?p=124761","title":{"rendered":"Jovens tem celular e mochila roubados no bairro Dom Bosco"},"content":{"rendered":"<p>Dois jovens, de 19 e 23 anos, foram assaltados na noite desse domingo, 04, no bairro Dom Bosco, na zona Sul de Juiz de Fora. O crime aconteceu por volta das 22h, na Rua Monsenhor Gustavo Freire.<\/p>\n<p>As v\u00edtimas passavam pelo local quando foram abordadas por tr\u00eas indiv\u00edduos que agrediram os rapazes e roubaram deles celular e mochila contendo objetos pessoais. Ap\u00f3s o crime, os autores fugiram e n\u00e3o foram localizados pela Pol\u00edcia Militar.<\/p>\n","protected":false},"excerpt":{"rendered":"<p>Dois jovens, de 19 e 23 anos, foram assaltados na noite desse domingo, 04, no bairro Dom Bosco, na zona Sul de Juiz de Fora. O crime aconteceu por volta das 22h, na Rua Monsenhor Gustavo Freire. As v\u00edtimas passavam pelo local quando foram abordadas por tr\u00eas indiv\u00edduos que agrediram os rapazes e roubaram deles [&hellip;]<\/p>\n","protected":false},"author":96,"featured_media":95836,"comment_status":"closed","ping_status":"closed","sticky":false,"template":"","format":"standard","meta":{"footnotes":""},"categories":[301],"tags":[],"class_list":["post-124761","post","type-post","status-publish","format-standard","has-post-thumbnail","hentry","category-artigos-policiais"],"_links":{"self":[{"href":"https:\/\/diarioregionaldigital.com.br\/index.php?rest_route=\/wp\/v2\/posts\/124761","targetHints":{"allow":["GET"]}}],"collection":[{"href":"https:\/\/diarioregionaldigital.com.br\/index.php?rest_route=\/wp\/v2\/posts"}],"about":[{"href":"https:\/\/diarioregionaldigital.com.br\/index.php?rest_route=\/wp\/v2\/types\/post"}],"author":[{"embeddable":true,"href":"https:\/\/diarioregionaldigital.com.br\/index.php?rest_route=\/wp\/v2\/users\/96"}],"replies":[{"embeddable":true,"href":"https:\/\/diarioregionaldigital.com.br\/index.php?rest_route=%2Fwp%2Fv2%2Fcomments&post=124761"}],"version-history":[{"count":0,"href":"https:\/\/diarioregionaldigital.com.br\/index.php?rest_route=\/wp\/v2\/posts\/124761\/revisions"}],"wp:featuredmedia":[{"embeddable":true,"href":"https:\/\/diarioregionaldigital.com.br\/index.php?rest_route=\/wp\/v2\/media\/95836"}],"wp:attachment":[{"href":"https:\/\/diarioregionaldigital.com.br\/index.php?rest_route=%2Fwp%2Fv2%2Fmedia&parent=124761"}],"wp:term":[{"taxonomy":"category","embeddable":true,"href":"https:\/\/diarioregionaldigital.com.br\/index.php?rest_route=%2Fwp%2Fv2%2Fcategories&post=124761"},{"taxonomy":"post_tag","embeddable":true,"href":"https:\/\/diarioregionaldigital.com.br\/index.php?rest_route=%2Fwp%2Fv2%2Ftags&post=124761"}],"curies":[{"name":"wp","href":"https:\/\/api.w.org\/{rel}","templated":true}]}}