{"id":124757,"date":"2018-11-05T07:50:13","date_gmt":"2018-11-05T09:50:13","guid":{"rendered":"https:\/\/diarioregionaldigital.com.br\/?p=124757"},"modified":"2018-11-05T07:54:26","modified_gmt":"2018-11-05T09:54:26","slug":"homem-e-assaltado-no-portao-de-casa-no-bairro-linhares","status":"publish","type":"post","link":"https:\/\/diarioregionaldigital.com.br\/?p=124757","title":{"rendered":"Homem \u00e9 assaltado no port\u00e3o de casa no bairro Linhares"},"content":{"rendered":"<p>Um homem, de 59 anos, foi v\u00edtima de assalto nesse domingo, 04, no bairro Linhares, na zona Leste de Juiz de Fora. Ele estava em casa, na Rua \u00c2ngelo Biggi, quando a campainha da resid\u00eancia tocou, por volta 20h30. A v\u00edtima foi at\u00e9 o port\u00e3o e se deparou com uma jovem que oferecia servi\u00e7o de faxina. Ao abrir a porta para ela, o homem foi abordado por um rapaz que estava armado.<\/p>\n<p>Os autores levaram o celular da v\u00edtima e fugiram, mas a Pol\u00edcia Militar (PM) realizou rastreamento na \u00e1rea e conseguiu localizar os dois. A jovem tem 17 anos e o rapaz, 20. Eles foram presos e encaminhados \u00e0 delegacia.<\/p>\n<p>O celular roubado e a arma usada no crime tamb\u00e9m foram encontrados e apreendidos pela PM.<\/p>\n","protected":false},"excerpt":{"rendered":"<p>Um homem, de 59 anos, foi v\u00edtima de assalto nesse domingo, 04, no bairro Linhares, na zona Leste de Juiz de Fora. Ele estava em casa, na Rua \u00c2ngelo Biggi, quando a campainha da resid\u00eancia tocou, por volta 20h30. A v\u00edtima foi at\u00e9 o port\u00e3o e se deparou com uma jovem que oferecia servi\u00e7o de [&hellip;]<\/p>\n","protected":false},"author":96,"featured_media":95836,"comment_status":"closed","ping_status":"closed","sticky":false,"template":"","format":"standard","meta":{"footnotes":""},"categories":[301],"tags":[],"class_list":["post-124757","post","type-post","status-publish","format-standard","has-post-thumbnail","hentry","category-artigos-policiais"],"_links":{"self":[{"href":"https:\/\/diarioregionaldigital.com.br\/index.php?rest_route=\/wp\/v2\/posts\/124757","targetHints":{"allow":["GET"]}}],"collection":[{"href":"https:\/\/diarioregionaldigital.com.br\/index.php?rest_route=\/wp\/v2\/posts"}],"about":[{"href":"https:\/\/diarioregionaldigital.com.br\/index.php?rest_route=\/wp\/v2\/types\/post"}],"author":[{"embeddable":true,"href":"https:\/\/diarioregionaldigital.com.br\/index.php?rest_route=\/wp\/v2\/users\/96"}],"replies":[{"embeddable":true,"href":"https:\/\/diarioregionaldigital.com.br\/index.php?rest_route=%2Fwp%2Fv2%2Fcomments&post=124757"}],"version-history":[{"count":0,"href":"https:\/\/diarioregionaldigital.com.br\/index.php?rest_route=\/wp\/v2\/posts\/124757\/revisions"}],"wp:featuredmedia":[{"embeddable":true,"href":"https:\/\/diarioregionaldigital.com.br\/index.php?rest_route=\/wp\/v2\/media\/95836"}],"wp:attachment":[{"href":"https:\/\/diarioregionaldigital.com.br\/index.php?rest_route=%2Fwp%2Fv2%2Fmedia&parent=124757"}],"wp:term":[{"taxonomy":"category","embeddable":true,"href":"https:\/\/diarioregionaldigital.com.br\/index.php?rest_route=%2Fwp%2Fv2%2Fcategories&post=124757"},{"taxonomy":"post_tag","embeddable":true,"href":"https:\/\/diarioregionaldigital.com.br\/index.php?rest_route=%2Fwp%2Fv2%2Ftags&post=124757"}],"curies":[{"name":"wp","href":"https:\/\/api.w.org\/{rel}","templated":true}]}}