{"id":124752,"date":"2018-11-03T16:10:30","date_gmt":"2018-11-03T18:10:30","guid":{"rendered":"https:\/\/diarioregionaldigital.com.br\/?p=124752"},"modified":"2018-11-03T16:10:30","modified_gmt":"2018-11-03T18:10:30","slug":"escolas-devem-escolher-obras-literarias-ate-a-segunda-feira","status":"publish","type":"post","link":"https:\/\/diarioregionaldigital.com.br\/?p=124752","title":{"rendered":"Escolas devem escolher obras liter\u00e1rias at\u00e9 a segunda-feira"},"content":{"rendered":"<p dir=\"ltr\">As escolas p\u00fablicas de educa\u00e7\u00e3o b\u00e1sica t\u00eam at\u00e9 a pr\u00f3xima segunda-feira, 5, para escolher as obras liter\u00e1rias que v\u00e3o utilizar no ano letivo de 2019. O Fundo Nacional de Desenvolvimento da Educa\u00e7\u00e3o (FNDE) prorrogou o prazo pois at\u00e9 a tarde da \u00faltima quarta-feira, 31, cerca de 42% das unidades de ensino que ser\u00e3o beneficiadas nesta edi\u00e7\u00e3o do programa ainda n\u00e3o tinham acessado o sistema para efetuar a escolha. O FNDE vai encaminhar acervos compostos aleatoriamente por t\u00edtulos do\u00a0Programa Nacional do Livro e do Material Did\u00e1tico, o\u00a0PNLD Liter\u00e1rio 2018, para escolas que n\u00e3o fizerem a sele\u00e7\u00e3o a tempo<\/p>\n<p dir=\"ltr\">Esta \u00e9 a primeira vez que o FNDE permite que diretores e professores escolham as obras liter\u00e1rias que mais se adequam ao projeto pedag\u00f3gico de cada unidade de ensino. Apenas as redes municipais ou estaduais e as institui\u00e7\u00f5es federais, que aderiram formalmente ao PNLD Liter\u00e1rio 2018 por meio do sistema do\u00a0<span class=\"ILfuVd\">Programa Dinheiro Direto na Escola<\/span>, o PDDE Interativo, podem escolher o material.<\/p>\n<p dir=\"ltr\">Para educa\u00e7\u00e3o infantil e turmas do primeiro ao terceiro ano do ensino fundamental, a escolha ser\u00e1 de acervos para sala de aula. J\u00e1 para o quarto e quinto anos do ensino fundamental e para o ensino m\u00e9dio, a sele\u00e7\u00e3o ser\u00e1 de acervos para biblioteca e de dois livros para cada aluno.<\/p>\n<p dir=\"ltr\">Com o intuito de ajudar na escolha do PNLD Liter\u00e1rio 2018, o FNDE publicou em seu portal eletr\u00f4nico\u00a0<a class=\"external-link\" title=\"\" href=\"http:\/\/pnld.nees.com.br\/pnld_2018_literario\/inicio\" target=\"_blank\" rel=\"noopener\" data-tippreview-enabled=\"false\" data-tippreview-image=\"\" data-tippreview-title=\"\">um guia digital do programa<\/a>. O material cont\u00e9m resenhas e informa\u00e7\u00f5es sobre todas as obras selecionadas para esta edi\u00e7\u00e3o.<\/p>\n<p><span class=\"discreet\">Fonte:\u00a0<a href=\"https:\/\/www.mec.gov.br\/\" target=\"_blank\" rel=\"noopener\">Minist\u00e9rio da Educa\u00e7\u00e3o<\/a><\/span><\/p>\n","protected":false},"excerpt":{"rendered":"<p>As escolas p\u00fablicas de educa\u00e7\u00e3o b\u00e1sica t\u00eam at\u00e9 a pr\u00f3xima segunda-feira, 5, para escolher as obras liter\u00e1rias que v\u00e3o utilizar no ano letivo de 2019. O Fundo Nacional de Desenvolvimento da Educa\u00e7\u00e3o (FNDE) prorrogou o prazo pois at\u00e9 a tarde da \u00faltima quarta-feira, 31, cerca de 42% das unidades de ensino que ser\u00e3o beneficiadas nesta [&hellip;]<\/p>\n","protected":false},"author":96,"featured_media":124753,"comment_status":"closed","ping_status":"closed","sticky":false,"template":"","format":"standard","meta":{"footnotes":""},"categories":[302,436,439],"tags":[],"class_list":["post-124752","post","type-post","status-publish","format-standard","has-post-thumbnail","hentry","category-brasil-mundo","category-destaque-da-semana","category-ultima-hora"],"_links":{"self":[{"href":"https:\/\/diarioregionaldigital.com.br\/index.php?rest_route=\/wp\/v2\/posts\/124752","targetHints":{"allow":["GET"]}}],"collection":[{"href":"https:\/\/diarioregionaldigital.com.br\/index.php?rest_route=\/wp\/v2\/posts"}],"about":[{"href":"https:\/\/diarioregionaldigital.com.br\/index.php?rest_route=\/wp\/v2\/types\/post"}],"author":[{"embeddable":true,"href":"https:\/\/diarioregionaldigital.com.br\/index.php?rest_route=\/wp\/v2\/users\/96"}],"replies":[{"embeddable":true,"href":"https:\/\/diarioregionaldigital.com.br\/index.php?rest_route=%2Fwp%2Fv2%2Fcomments&post=124752"}],"version-history":[{"count":0,"href":"https:\/\/diarioregionaldigital.com.br\/index.php?rest_route=\/wp\/v2\/posts\/124752\/revisions"}],"wp:featuredmedia":[{"embeddable":true,"href":"https:\/\/diarioregionaldigital.com.br\/index.php?rest_route=\/wp\/v2\/media\/124753"}],"wp:attachment":[{"href":"https:\/\/diarioregionaldigital.com.br\/index.php?rest_route=%2Fwp%2Fv2%2Fmedia&parent=124752"}],"wp:term":[{"taxonomy":"category","embeddable":true,"href":"https:\/\/diarioregionaldigital.com.br\/index.php?rest_route=%2Fwp%2Fv2%2Fcategories&post=124752"},{"taxonomy":"post_tag","embeddable":true,"href":"https:\/\/diarioregionaldigital.com.br\/index.php?rest_route=%2Fwp%2Fv2%2Ftags&post=124752"}],"curies":[{"name":"wp","href":"https:\/\/api.w.org\/{rel}","templated":true}]}}