{"id":124748,"date":"2018-11-03T14:05:21","date_gmt":"2018-11-03T16:05:21","guid":{"rendered":"https:\/\/diarioregionaldigital.com.br\/?p=124748"},"modified":"2018-11-03T14:05:21","modified_gmt":"2018-11-03T16:05:21","slug":"brasil-contratou-quase-230-mil-jovens-entre-janeiro-e-junho-de-2018","status":"publish","type":"post","link":"https:\/\/diarioregionaldigital.com.br\/?p=124748","title":{"rendered":"Brasil contratou quase 230 mil jovens entre janeiro e junho de 2018"},"content":{"rendered":"<p style=\"font-weight: 400;\">Brasil contratou, no primeiro semestre de 2018, mais de\u00a0227.626 jovens aprendizes. Na compara\u00e7\u00e3o com o mesmo per\u00edodo do ano passado, o n\u00famero de admiss\u00f5es cresceu em diversas cidades do Pa\u00eds: Itatiaia (RJ), teve 838,5% mais contrata\u00e7\u00f5es; It\u00e1polis (SP) teve 618,2%; Palmeiras de Goi\u00e1s (GO), teve 516,7%; Prad\u00f3polis (SP), 509,1%; e S\u00e3o Manuel (SP), 427,3%.<\/p>\n<p style=\"font-weight: 400;\">Os dados constam no Cadastro Geral de Empregados e Desempregados (Caged), do Minist\u00e9rio do Trabalho. No ranking de admiss\u00f5es dessa m\u00e3o de obra, ocupam os 10 primeiros lugares as seguintes capitais: S\u00e3o Paulo (22.721), Rio de Janeiro (12.188), Belo Horizonte (5.114), Goi\u00e2nia (5.099), Bras\u00edlia (4.958), Fortaleza (4.618), Porto Alegre (3.750), Curitiba (3.650), Salvador (3.645) e Recife (2.777).<\/p>\n<p style=\"font-weight: 400;\">Entre os setores que mais contrataram est\u00e3o o de Servi\u00e7os, com 93.879 admiss\u00f5es; Ind\u00fastria da Transforma\u00e7\u00e3o, com 60.475; e Com\u00e9rcio, com 57.444. As ocupa\u00e7\u00f5es com mais oportunidades para os jovens foram as de auxiliar de escrit\u00f3rio e assistente administrativo: mais de 50% de todas as contrata\u00e7\u00f5es ocorreram nessas \u00e1reas. Tiveram destaque tamb\u00e9m as fun\u00e7\u00f5es de vendedor do com\u00e9rcio varejista, repositor de mercadoria e mec\u00e2nico de manuten\u00e7\u00e3o de m\u00e1quinas.<\/p>\n<p style=\"font-weight: 400;\">Fonte:\u00a0<a href=\"http:\/\/trabalho.gov.br\/\">Minist\u00e9rio do Trabalho<\/a><\/p>\n","protected":false},"excerpt":{"rendered":"<p>Brasil contratou, no primeiro semestre de 2018, mais de\u00a0227.626 jovens aprendizes. Na compara\u00e7\u00e3o com o mesmo per\u00edodo do ano passado, o n\u00famero de admiss\u00f5es cresceu em diversas cidades do Pa\u00eds: Itatiaia (RJ), teve 838,5% mais contrata\u00e7\u00f5es; It\u00e1polis (SP) teve 618,2%; Palmeiras de Goi\u00e1s (GO), teve 516,7%; Prad\u00f3polis (SP), 509,1%; e S\u00e3o Manuel (SP), 427,3%. Os [&hellip;]<\/p>\n","protected":false},"author":96,"featured_media":124749,"comment_status":"closed","ping_status":"closed","sticky":false,"template":"","format":"standard","meta":{"footnotes":""},"categories":[302,436,261,439],"tags":[],"class_list":["post-124748","post","type-post","status-publish","format-standard","has-post-thumbnail","hentry","category-brasil-mundo","category-destaque-da-semana","category-economia","category-ultima-hora"],"_links":{"self":[{"href":"https:\/\/diarioregionaldigital.com.br\/index.php?rest_route=\/wp\/v2\/posts\/124748","targetHints":{"allow":["GET"]}}],"collection":[{"href":"https:\/\/diarioregionaldigital.com.br\/index.php?rest_route=\/wp\/v2\/posts"}],"about":[{"href":"https:\/\/diarioregionaldigital.com.br\/index.php?rest_route=\/wp\/v2\/types\/post"}],"author":[{"embeddable":true,"href":"https:\/\/diarioregionaldigital.com.br\/index.php?rest_route=\/wp\/v2\/users\/96"}],"replies":[{"embeddable":true,"href":"https:\/\/diarioregionaldigital.com.br\/index.php?rest_route=%2Fwp%2Fv2%2Fcomments&post=124748"}],"version-history":[{"count":0,"href":"https:\/\/diarioregionaldigital.com.br\/index.php?rest_route=\/wp\/v2\/posts\/124748\/revisions"}],"wp:featuredmedia":[{"embeddable":true,"href":"https:\/\/diarioregionaldigital.com.br\/index.php?rest_route=\/wp\/v2\/media\/124749"}],"wp:attachment":[{"href":"https:\/\/diarioregionaldigital.com.br\/index.php?rest_route=%2Fwp%2Fv2%2Fmedia&parent=124748"}],"wp:term":[{"taxonomy":"category","embeddable":true,"href":"https:\/\/diarioregionaldigital.com.br\/index.php?rest_route=%2Fwp%2Fv2%2Fcategories&post=124748"},{"taxonomy":"post_tag","embeddable":true,"href":"https:\/\/diarioregionaldigital.com.br\/index.php?rest_route=%2Fwp%2Fv2%2Ftags&post=124748"}],"curies":[{"name":"wp","href":"https:\/\/api.w.org\/{rel}","templated":true}]}}