{"id":124742,"date":"2018-11-03T12:09:00","date_gmt":"2018-11-03T14:09:00","guid":{"rendered":"https:\/\/diarioregionaldigital.com.br\/?p=124742"},"modified":"2018-11-03T12:09:00","modified_gmt":"2018-11-03T14:09:00","slug":"producao-industrial-cresce-19-no-ano","status":"publish","type":"post","link":"https:\/\/diarioregionaldigital.com.br\/?p=124742","title":{"rendered":"Produ\u00e7\u00e3o industrial cresce 1,9% no ano"},"content":{"rendered":"<p>A produ\u00e7\u00e3o industrial se mant\u00e9m positiva em 2018 e no acumulado de 12 meses. Dados do Instituto Brasileiro de Geografia e Estat\u00edstica (IBGE), divulgados na quinta-feira, 1\u00ba, mostram que o setor tem se mantido em ritmo de expans\u00e3o. No ano, o avan\u00e7o \u00e9 de 1,9%; em 12 meses, est\u00e1 em 2,7%.<\/p>\n<p>Mais produ\u00e7\u00e3o industrial significa que o setor acredita que haver\u00e1 uma demanda maior por produtos manufaturados, ou seja, h\u00e1 uma expectativa de que a economia continue a se expandir e que os consumidores demandem cada vez mais produtos.<\/p>\n<p>O segmento que mais cresceu no ano foi o de bens dur\u00e1veis, com 11,6% de alta. Esse ramo \u00e9 o que produz itens como geladeiras, fog\u00f5es, m\u00e1quinas de lavar e outros bens que, inclusive, podem gerar demanda por cr\u00e9dito e financiamento. O aumento das vendas desses produtos \u00e9 importante por impulsionar a economia mais fortemente.<\/p>\n<p>Os bens de capital aparecem em segundo lugar, entre os que mais ampliaram a produ\u00e7\u00e3o, registraram aumento de 8,5% no ano. Esse ramo \u00e9 o que produz itens para serem usados na produ\u00e7\u00e3o de outros bens. S\u00e3o produtos como m\u00e1quinas, equipamentos, materiais de constru\u00e7\u00e3o. O aumento desse segmento est\u00e1 ligado \u00e0 expans\u00e3o de investimentos.<\/p>\n<p><span class=\"discreet\">Fonte: Governo do Brasil, com informa\u00e7\u00f5es do\u00a0<a class=\"external-link\" title=\"\" href=\"https:\/\/www.ibge.gov.br\/\" target=\"_blank\" rel=\"noopener\" data-tippreview-title=\"\" data-tippreview-image=\"\" data-tippreview-enabled=\"false\">IBGE<\/a><\/span><\/p>\n","protected":false},"excerpt":{"rendered":"<p>A produ\u00e7\u00e3o industrial se mant\u00e9m positiva em 2018 e no acumulado de 12 meses. Dados do Instituto Brasileiro de Geografia e Estat\u00edstica (IBGE), divulgados na quinta-feira, 1\u00ba, mostram que o setor tem se mantido em ritmo de expans\u00e3o. No ano, o avan\u00e7o \u00e9 de 1,9%; em 12 meses, est\u00e1 em 2,7%. Mais produ\u00e7\u00e3o industrial significa [&hellip;]<\/p>\n","protected":false},"author":96,"featured_media":124743,"comment_status":"closed","ping_status":"closed","sticky":false,"template":"","format":"standard","meta":{"footnotes":""},"categories":[436,261,439],"tags":[],"class_list":["post-124742","post","type-post","status-publish","format-standard","has-post-thumbnail","hentry","category-destaque-da-semana","category-economia","category-ultima-hora"],"_links":{"self":[{"href":"https:\/\/diarioregionaldigital.com.br\/index.php?rest_route=\/wp\/v2\/posts\/124742","targetHints":{"allow":["GET"]}}],"collection":[{"href":"https:\/\/diarioregionaldigital.com.br\/index.php?rest_route=\/wp\/v2\/posts"}],"about":[{"href":"https:\/\/diarioregionaldigital.com.br\/index.php?rest_route=\/wp\/v2\/types\/post"}],"author":[{"embeddable":true,"href":"https:\/\/diarioregionaldigital.com.br\/index.php?rest_route=\/wp\/v2\/users\/96"}],"replies":[{"embeddable":true,"href":"https:\/\/diarioregionaldigital.com.br\/index.php?rest_route=%2Fwp%2Fv2%2Fcomments&post=124742"}],"version-history":[{"count":0,"href":"https:\/\/diarioregionaldigital.com.br\/index.php?rest_route=\/wp\/v2\/posts\/124742\/revisions"}],"wp:featuredmedia":[{"embeddable":true,"href":"https:\/\/diarioregionaldigital.com.br\/index.php?rest_route=\/wp\/v2\/media\/124743"}],"wp:attachment":[{"href":"https:\/\/diarioregionaldigital.com.br\/index.php?rest_route=%2Fwp%2Fv2%2Fmedia&parent=124742"}],"wp:term":[{"taxonomy":"category","embeddable":true,"href":"https:\/\/diarioregionaldigital.com.br\/index.php?rest_route=%2Fwp%2Fv2%2Fcategories&post=124742"},{"taxonomy":"post_tag","embeddable":true,"href":"https:\/\/diarioregionaldigital.com.br\/index.php?rest_route=%2Fwp%2Fv2%2Ftags&post=124742"}],"curies":[{"name":"wp","href":"https:\/\/api.w.org\/{rel}","templated":true}]}}