{"id":124739,"date":"2018-11-03T12:01:38","date_gmt":"2018-11-03T14:01:38","guid":{"rendered":"https:\/\/diarioregionaldigital.com.br\/?p=124739"},"modified":"2018-11-03T12:01:38","modified_gmt":"2018-11-03T14:01:38","slug":"comissao-interamericana-de-direitos-humanos-fara-visita-ao-brasil","status":"publish","type":"post","link":"https:\/\/diarioregionaldigital.com.br\/?p=124739","title":{"rendered":"Comiss\u00e3o Interamericana de Direitos Humanos far\u00e1 visita ao Brasil"},"content":{"rendered":"<p>A Comiss\u00e3o Interamericana de Direitos Humanos (CIDH), \u00f3rg\u00e3o aut\u00f4nomo da Organiza\u00e7\u00e3o dos Estados Americanos (OEA), enviar\u00e1 delega\u00e7\u00e3o ao Brasil para coletar informa\u00e7\u00f5es sobre viola\u00e7\u00f5es de direitos humanos. A visita ser\u00e1 do dia 5 ao dia 12 de novembro. A comiss\u00e3o atende a convite feito pelo governo brasileiro no in\u00edcio de 2018.<\/p>\n<p>De acordo com nota divulgada pelo Comit\u00ea Brasileiro de Defensoras e Defensores de Direitos Humanos, a CIDH ter\u00e1 os seguintes focos principais: discrimina\u00e7\u00e3o, desigualdade, pobreza, institucionalidade democr\u00e1tica e pol\u00edticas p\u00fablicas em direitos humanos. Dentro desses eixos, a comiss\u00e3o dar\u00e1 especial aten\u00e7\u00e3o aos grupos que historicamente se encontram em situa\u00e7\u00e3o de discrimina\u00e7\u00e3o, vulnerabilidade e exclus\u00e3o.<\/p>\n<p>A CIDH tamb\u00e9m coletar\u00e1 informa\u00e7\u00e3o sobre a situa\u00e7\u00e3o da seguran\u00e7a p\u00fablica, tanto urbana quanto rural, bem como sobre conflitos no campo e por terras. A Comiss\u00e3o Interamericana observar\u00e1 tamb\u00e9m a situa\u00e7\u00e3o do acesso \u00e0 Justi\u00e7a e a eventual situa\u00e7\u00e3o de impunidade em casos de graves viola\u00e7\u00f5es aos direitos humanos.<\/p>\n<p>A comiss\u00e3o vai coletar depoimentos de v\u00edtimas de viola\u00e7\u00f5es de direitos humanos e seus familiares nos diferentes lugares que ser\u00e3o visitados. A CIDH tamb\u00e9m far\u00e1 reuni\u00f5es com ag\u00eancias do Sistema das Na\u00e7\u00f5es Unidas e membros do corpo diplom\u00e1tico. Durante a visita, a delega\u00e7\u00e3o pretende se reunir com autoridades governamentais nos n\u00edveis federal, estadual e local, al\u00e9m de organiza\u00e7\u00f5es da sociedade civil, movimentos sociais e acad\u00eamicos.<\/p>\n<p>Dois escrit\u00f3rios da CIDH receber\u00e3o den\u00fancias e peti\u00e7\u00f5es. Um dos escrit\u00f3rios ser\u00e1 instalado em Bras\u00edlia e estar\u00e1 funcionando de 5 a 7 de novembro, das 9h \u00e0s 13h no Hotel B. O escrit\u00f3rio no Rio de Janeiro funcionar\u00e1 no dia 8 de novembro, das 14h \u00e0s 18h, e no dia 9 de novembro, das 9h \u00e0s 13h, e das 14h \u00e0s 18h, no Hotel Hilton Copacabana.<\/p>\n<p>A delega\u00e7\u00e3o que conduzir\u00e1 a visita ser\u00e1 chefiada pela presidente da CIDH, Margarette May Macaulay; a primeira vice-presidente, Esmeralda Arosemena de Troiti\u00f1o; o segundo vice-presidente, Luis Ernesto Vargas Silva; os comiss\u00e1rios Francisco Jos\u00e9 Eguiguren Praeli e Joel Hern\u00e1ndez Garc\u00eda e a comiss\u00e1ria Antonia Urrejola Noguera, relatora para o Brasil. O grupo inclui outras autoridades e especialistas.<\/p>\n<p>A delega\u00e7\u00e3o visitar\u00e1 Bras\u00edlia e os estados da Bahia, do Maranh\u00e3o, de Mato Grosso do Sul, Minas Gerais, do Par\u00e1, Rio de Janeiro, de Roraima e S\u00e3o Paulo. A CIDH apresentar\u00e1 suas observa\u00e7\u00f5es preliminares no final da visita, em 12 de novembro.<\/p>\n<p>Fonte: Ag\u00eancia Brasil<\/p>\n","protected":false},"excerpt":{"rendered":"<p>A Comiss\u00e3o Interamericana de Direitos Humanos (CIDH), \u00f3rg\u00e3o aut\u00f4nomo da Organiza\u00e7\u00e3o dos Estados Americanos (OEA), enviar\u00e1 delega\u00e7\u00e3o ao Brasil para coletar informa\u00e7\u00f5es sobre viola\u00e7\u00f5es de direitos humanos. A visita ser\u00e1 do dia 5 ao dia 12 de novembro. A comiss\u00e3o atende a convite feito pelo governo brasileiro no in\u00edcio de 2018. De acordo com nota [&hellip;]<\/p>\n","protected":false},"author":96,"featured_media":124740,"comment_status":"closed","ping_status":"closed","sticky":false,"template":"","format":"standard","meta":{"footnotes":""},"categories":[302,436,439],"tags":[],"class_list":["post-124739","post","type-post","status-publish","format-standard","has-post-thumbnail","hentry","category-brasil-mundo","category-destaque-da-semana","category-ultima-hora"],"_links":{"self":[{"href":"https:\/\/diarioregionaldigital.com.br\/index.php?rest_route=\/wp\/v2\/posts\/124739","targetHints":{"allow":["GET"]}}],"collection":[{"href":"https:\/\/diarioregionaldigital.com.br\/index.php?rest_route=\/wp\/v2\/posts"}],"about":[{"href":"https:\/\/diarioregionaldigital.com.br\/index.php?rest_route=\/wp\/v2\/types\/post"}],"author":[{"embeddable":true,"href":"https:\/\/diarioregionaldigital.com.br\/index.php?rest_route=\/wp\/v2\/users\/96"}],"replies":[{"embeddable":true,"href":"https:\/\/diarioregionaldigital.com.br\/index.php?rest_route=%2Fwp%2Fv2%2Fcomments&post=124739"}],"version-history":[{"count":0,"href":"https:\/\/diarioregionaldigital.com.br\/index.php?rest_route=\/wp\/v2\/posts\/124739\/revisions"}],"wp:featuredmedia":[{"embeddable":true,"href":"https:\/\/diarioregionaldigital.com.br\/index.php?rest_route=\/wp\/v2\/media\/124740"}],"wp:attachment":[{"href":"https:\/\/diarioregionaldigital.com.br\/index.php?rest_route=%2Fwp%2Fv2%2Fmedia&parent=124739"}],"wp:term":[{"taxonomy":"category","embeddable":true,"href":"https:\/\/diarioregionaldigital.com.br\/index.php?rest_route=%2Fwp%2Fv2%2Fcategories&post=124739"},{"taxonomy":"post_tag","embeddable":true,"href":"https:\/\/diarioregionaldigital.com.br\/index.php?rest_route=%2Fwp%2Fv2%2Ftags&post=124739"}],"curies":[{"name":"wp","href":"https:\/\/api.w.org\/{rel}","templated":true}]}}