{"id":124736,"date":"2018-11-03T08:00:44","date_gmt":"2018-11-03T10:00:44","guid":{"rendered":"https:\/\/diarioregionaldigital.com.br\/?p=124736"},"modified":"2018-11-03T11:54:11","modified_gmt":"2018-11-03T13:54:11","slug":"cesta-basica-regional-registra-aumento-de-596","status":"publish","type":"post","link":"https:\/\/diarioregionaldigital.com.br\/?p=124736","title":{"rendered":"Cesta b\u00e1sica regional registra aumento de 5,96%"},"content":{"rendered":"<p>A pesquisa semanal de pre\u00e7os realizada pela Secretaria de Agropecu\u00e1ria e Abastecimento (SAA) da Prefeitura de Juiz de Fora (PJF) revelou aumento no pre\u00e7o da cesta b\u00e1sica regional. O valor registrado foi de R$302,36. Em compara\u00e7\u00e3o com a semana anterior, a cesta ficou R$17 mais cara. Em percentual, o aumento representa 5,96%. O valor atual da cesta b\u00e1sica regional representa 34,45% do valor do sal\u00e1rio m\u00ednimo ou o equivalente \u00e0 quantia obtida em dez dias de trabalho.<\/p>\n<p>Considerando uma fam\u00edlia com quatro pessoas, sendo duas adultas e duas crian\u00e7as, e levando em conta a propor\u00e7\u00e3o de duas crian\u00e7as por uma pessoa adulta, o gasto ser\u00e1 de R$907,09 conforme c\u00e1lculo realizado pelo Departamento Intersindical de Estat\u00edsticas e Estudos Socioecon\u00f4micos (Dieese) e da SAA.<\/p>\n<p>Os produtos que apresentaram os maiores aumentos na semana s\u00e3o alho (40,73%), p\u00e3o de sal franc\u00eas (21,41%) e carne bovina de segunda (16,09%). As principais quedas de pre\u00e7o foram registradas por produtos como tomate (-27,56%), fub\u00e1 (-10,34%) e feij\u00e3o-preto (-10,01%).<\/p>\n<p>A varia\u00e7\u00e3o m\u00e9dia de pre\u00e7os de todos os itens pertencentes \u00e0 cesta b\u00e1sica pode ser <a href=\"https:\/\/www.pjf.mg.gov.br\/secretarias\/saa\/pesquisas\/cesta_basica\/index.php\">visualizada aqui<\/a>.<\/p>\n<p><span style=\"font-size: 24pt;\"><strong>Pre\u00e7o da cesta b\u00e1sica nacional tem aumento de 2,11%<\/strong><\/span><\/p>\n<p>A pesquisa semanal de pre\u00e7os realizada pela Secretaria de Agropecu\u00e1ria e Abastecimento (SAA) da Prefeitura de Juiz de Fora (PJF) tamb\u00e9m revelou aumento no valor da cesta b\u00e1sica nacional, que est\u00e1 custando agora R$ 299,37. Em rela\u00e7\u00e3o \u00e0 pesquisa anterior, est\u00e1 R$ 6,19 mais cara, ou 2,11%. O valor representa 34,11% do sal\u00e1rio m\u00ednimo l\u00edquido, equivalente a dez dias de trabalho. Tendo como base uma fam\u00edlia com quatro pessoas, sendo duas adultas e duas crian\u00e7as, e considerando o consumo de duas crian\u00e7as como o de uma pessoa adulta, o gasto atual com a cesta \u00e9 de R$ 898,10.<\/p>\n<p>Os produtos que apresentaram os principais aumentos de pre\u00e7o foram p\u00e3o de sal franc\u00eas (21,41%), carne de segunda (16,09%) e arroz l.f tipo1(2,72%). As maiores quedas foram registradas no tomate (-27,56%), feij\u00e3o-preto (-10,01%) e caf\u00e9 torrado mo\u00eddo (-6,96%). O Departamento de Fomento Agropecu\u00e1rio, Promo\u00e7\u00e3o Rural e Informa\u00e7\u00e3o (Dfapri) da SAA realiza o levantamento seguindo metodologia desenvolvida pelo Departamento Intersindical de Estat\u00edstica e Estudos Socioecon\u00f4micos (Dieese). A pesquisa completa, com a varia\u00e7\u00e3o de todos os produtos que comp\u00f5em a cesta, pode ser <a href=\"http:\/\/www.pjf.mg.gov.br\/cesta_b\u00e1sica_nacional.\">acessada aqui<\/a>.<\/p>\n<p>&nbsp;<\/p>\n<p>Fonte: PJF<\/p>\n","protected":false},"excerpt":{"rendered":"<p>A pesquisa semanal de pre\u00e7os realizada pela Secretaria de Agropecu\u00e1ria e Abastecimento (SAA) da Prefeitura de Juiz de Fora (PJF) revelou aumento no pre\u00e7o da cesta b\u00e1sica regional. O valor registrado foi de R$302,36. Em compara\u00e7\u00e3o com a semana anterior, a cesta ficou R$17 mais cara. Em percentual, o aumento representa 5,96%. O valor atual [&hellip;]<\/p>\n","protected":false},"author":96,"featured_media":124737,"comment_status":"closed","ping_status":"closed","sticky":false,"template":"","format":"standard","meta":{"footnotes":""},"categories":[436,440,261,439],"tags":[],"class_list":["post-124736","post","type-post","status-publish","format-standard","has-post-thumbnail","hentry","category-destaque-da-semana","category-destaques-do-dia","category-economia","category-ultima-hora"],"_links":{"self":[{"href":"https:\/\/diarioregionaldigital.com.br\/index.php?rest_route=\/wp\/v2\/posts\/124736","targetHints":{"allow":["GET"]}}],"collection":[{"href":"https:\/\/diarioregionaldigital.com.br\/index.php?rest_route=\/wp\/v2\/posts"}],"about":[{"href":"https:\/\/diarioregionaldigital.com.br\/index.php?rest_route=\/wp\/v2\/types\/post"}],"author":[{"embeddable":true,"href":"https:\/\/diarioregionaldigital.com.br\/index.php?rest_route=\/wp\/v2\/users\/96"}],"replies":[{"embeddable":true,"href":"https:\/\/diarioregionaldigital.com.br\/index.php?rest_route=%2Fwp%2Fv2%2Fcomments&post=124736"}],"version-history":[{"count":0,"href":"https:\/\/diarioregionaldigital.com.br\/index.php?rest_route=\/wp\/v2\/posts\/124736\/revisions"}],"wp:featuredmedia":[{"embeddable":true,"href":"https:\/\/diarioregionaldigital.com.br\/index.php?rest_route=\/wp\/v2\/media\/124737"}],"wp:attachment":[{"href":"https:\/\/diarioregionaldigital.com.br\/index.php?rest_route=%2Fwp%2Fv2%2Fmedia&parent=124736"}],"wp:term":[{"taxonomy":"category","embeddable":true,"href":"https:\/\/diarioregionaldigital.com.br\/index.php?rest_route=%2Fwp%2Fv2%2Fcategories&post=124736"},{"taxonomy":"post_tag","embeddable":true,"href":"https:\/\/diarioregionaldigital.com.br\/index.php?rest_route=%2Fwp%2Fv2%2Ftags&post=124736"}],"curies":[{"name":"wp","href":"https:\/\/api.w.org\/{rel}","templated":true}]}}