{"id":124729,"date":"2018-11-03T11:32:15","date_gmt":"2018-11-03T13:32:15","guid":{"rendered":"https:\/\/diarioregionaldigital.com.br\/?p=124729"},"modified":"2018-11-03T11:32:15","modified_gmt":"2018-11-03T13:32:15","slug":"alimentos-sao-furtados-de-igreja-e-supermercado-em-leopoldina","status":"publish","type":"post","link":"https:\/\/diarioregionaldigital.com.br\/?p=124729","title":{"rendered":"Alimentos s\u00e3o furtados de Igreja e supermercado em Leopoldina"},"content":{"rendered":"<p>Criminosos arrombaram um supermercado e uma Igreja na \u00faltima sexta-feira, 2, em Leopoldina e furtaram alimentos. Segundo as informa\u00e7\u00f5es da Pol\u00edcia Militar, nos dois casos foram levados pacotes de arroz, feij\u00e3o, a\u00e7\u00facar, leite entre outros alimentos.<\/p>\n<p>O furto no supermercado foi verificado no in\u00edcio da manh\u00e3, quando a PM foi acionada na Rua Maria do Carmo Sales, regi\u00e3o central da cidade. Os criminosos levaram seis pacotes de a\u00e7\u00facar e seis litros de leite. De acordo com as informa\u00e7\u00f5es os autores teriam entrado por um buraco aberto por eles na divisa com o antigo Curumim, que se encontra desativado. Segundo a PM, o buraco foi feito na madrugada da quinta, 1\u00ba de novembro, quando os bandidos entraram no mesmo estabelecimento e reviraram algumas mercadorias e documentos. Para cometer o furto desta sexta, eles aproveitaram que o buraco estava rec\u00e9m tapado, com o cimento ainda fresco, e o abriram novamente. A PM realizou buscas nas imedia\u00e7\u00f5es, por\u00e9m os autores n\u00e3o foram localizados.<\/p>\n<div style=\"width: 759px\" class=\"wp-caption aligncenter\"><img loading=\"lazy\" decoding=\"async\" class=\"\" src=\"https:\/\/www.ovigilanteonline.com\/upload\/noticia\/33c8e5012f41423797b634108d4c77b0.jpeg\" alt=\"Buraco aberto pelos autores para furtarem o supermercado.\" width=\"749\" height=\"416\" \/><p class=\"wp-caption-text\">Buraco aberto pelos autores para furtarem o supermercado. Foto: O Vigilante Online<\/p><\/div>\n<p>A segunda ocorr\u00eancia desta sexta foi registrada em uma Igreja localizada na Rua Alceu Junqueira Ferraz, no Jardim Bela Vista. O solicitante relatou aos militares que indiv\u00edduos pularam o muro de divisa com a Igreja e for\u00e7aram o basculante lateral. Foram furtados produtos de uma cesta b\u00e1sica que seria doada. A Per\u00edcia da Pol\u00edcia Civil foi acionada.<\/p>\n<p>A Pol\u00edcia Militar identificou os autores e as ocorr\u00eancias foram encaminhadas para a Delegacia Regional de Pol\u00edcia Civil de Leopoldina onde os casos foram registrados.<\/p>\n<p>Fonte: O Vigilante Online<\/p>\n","protected":false},"excerpt":{"rendered":"<p>Criminosos arrombaram um supermercado e uma Igreja na \u00faltima sexta-feira, 2, em Leopoldina e furtaram alimentos. Segundo as informa\u00e7\u00f5es da Pol\u00edcia Militar, nos dois casos foram levados pacotes de arroz, feij\u00e3o, a\u00e7\u00facar, leite entre outros alimentos. O furto no supermercado foi verificado no in\u00edcio da manh\u00e3, quando a PM foi acionada na Rua Maria do [&hellip;]<\/p>\n","protected":false},"author":96,"featured_media":95105,"comment_status":"closed","ping_status":"closed","sticky":false,"template":"","format":"standard","meta":{"footnotes":""},"categories":[436,252,439],"tags":[],"class_list":["post-124729","post","type-post","status-publish","format-standard","has-post-thumbnail","hentry","category-destaque-da-semana","category-regiao","category-ultima-hora"],"_links":{"self":[{"href":"https:\/\/diarioregionaldigital.com.br\/index.php?rest_route=\/wp\/v2\/posts\/124729","targetHints":{"allow":["GET"]}}],"collection":[{"href":"https:\/\/diarioregionaldigital.com.br\/index.php?rest_route=\/wp\/v2\/posts"}],"about":[{"href":"https:\/\/diarioregionaldigital.com.br\/index.php?rest_route=\/wp\/v2\/types\/post"}],"author":[{"embeddable":true,"href":"https:\/\/diarioregionaldigital.com.br\/index.php?rest_route=\/wp\/v2\/users\/96"}],"replies":[{"embeddable":true,"href":"https:\/\/diarioregionaldigital.com.br\/index.php?rest_route=%2Fwp%2Fv2%2Fcomments&post=124729"}],"version-history":[{"count":0,"href":"https:\/\/diarioregionaldigital.com.br\/index.php?rest_route=\/wp\/v2\/posts\/124729\/revisions"}],"wp:featuredmedia":[{"embeddable":true,"href":"https:\/\/diarioregionaldigital.com.br\/index.php?rest_route=\/wp\/v2\/media\/95105"}],"wp:attachment":[{"href":"https:\/\/diarioregionaldigital.com.br\/index.php?rest_route=%2Fwp%2Fv2%2Fmedia&parent=124729"}],"wp:term":[{"taxonomy":"category","embeddable":true,"href":"https:\/\/diarioregionaldigital.com.br\/index.php?rest_route=%2Fwp%2Fv2%2Fcategories&post=124729"},{"taxonomy":"post_tag","embeddable":true,"href":"https:\/\/diarioregionaldigital.com.br\/index.php?rest_route=%2Fwp%2Fv2%2Ftags&post=124729"}],"curies":[{"name":"wp","href":"https:\/\/api.w.org\/{rel}","templated":true}]}}