{"id":124722,"date":"2018-11-03T11:04:21","date_gmt":"2018-11-03T13:04:21","guid":{"rendered":"https:\/\/diarioregionaldigital.com.br\/?p=124722"},"modified":"2018-11-03T11:04:21","modified_gmt":"2018-11-03T13:04:21","slug":"policia-militar-prende-assaltante-no-bairro-sao-pedro","status":"publish","type":"post","link":"https:\/\/diarioregionaldigital.com.br\/?p=124722","title":{"rendered":"Pol\u00edcia Militar prende assaltante no bairro S\u00e3o Pedro"},"content":{"rendered":"<p>Nessa sexta-feira, 02, a Pol\u00edcia Militar (PM) registrou um assalto na Rua Pedro Henrique Krambeck, no bairro S\u00e3o Pedro, na Cidade Alta. Um homem, de 33 anos, havia acabado de desembarcar de um \u00f4nibus urbano no local quando foi abordado por um indiv\u00edduo que estava de bicicleta.<\/p>\n<p>Segundo a v\u00edtima, \u00e0 principio, o autor apenas perguntou as horas mas, em seguida, sacou uma arma de fogo e encostou na cabe\u00e7a dele dizendo &#8220;perdeu, perdeu&#8221;.<\/p>\n<p>O assaltante roubou a carteira e o celular do homem. Ap\u00f3s o crime, fugiu mas foi encontrado pela PM durante rastreamento na regi\u00e3o. Com ele, os policiais encontraram duas chaves muchas e o aparelho celular da v\u00edtima.<\/p>\n<p><span style=\"color: #333333; font-size: 16px;\">O autor foi preso e encaminhado para a delegacia\u00a0<\/span><\/p>\n","protected":false},"excerpt":{"rendered":"<p>Nessa sexta-feira, 02, a Pol\u00edcia Militar (PM) registrou um assalto na Rua Pedro Henrique Krambeck, no bairro S\u00e3o Pedro, na Cidade Alta. Um homem, de 33 anos, havia acabado de desembarcar de um \u00f4nibus urbano no local quando foi abordado por um indiv\u00edduo que estava de bicicleta. Segundo a v\u00edtima, \u00e0 principio, o autor apenas [&hellip;]<\/p>\n","protected":false},"author":96,"featured_media":95836,"comment_status":"closed","ping_status":"closed","sticky":false,"template":"","format":"standard","meta":{"footnotes":""},"categories":[301],"tags":[],"class_list":["post-124722","post","type-post","status-publish","format-standard","has-post-thumbnail","hentry","category-artigos-policiais"],"_links":{"self":[{"href":"https:\/\/diarioregionaldigital.com.br\/index.php?rest_route=\/wp\/v2\/posts\/124722","targetHints":{"allow":["GET"]}}],"collection":[{"href":"https:\/\/diarioregionaldigital.com.br\/index.php?rest_route=\/wp\/v2\/posts"}],"about":[{"href":"https:\/\/diarioregionaldigital.com.br\/index.php?rest_route=\/wp\/v2\/types\/post"}],"author":[{"embeddable":true,"href":"https:\/\/diarioregionaldigital.com.br\/index.php?rest_route=\/wp\/v2\/users\/96"}],"replies":[{"embeddable":true,"href":"https:\/\/diarioregionaldigital.com.br\/index.php?rest_route=%2Fwp%2Fv2%2Fcomments&post=124722"}],"version-history":[{"count":0,"href":"https:\/\/diarioregionaldigital.com.br\/index.php?rest_route=\/wp\/v2\/posts\/124722\/revisions"}],"wp:featuredmedia":[{"embeddable":true,"href":"https:\/\/diarioregionaldigital.com.br\/index.php?rest_route=\/wp\/v2\/media\/95836"}],"wp:attachment":[{"href":"https:\/\/diarioregionaldigital.com.br\/index.php?rest_route=%2Fwp%2Fv2%2Fmedia&parent=124722"}],"wp:term":[{"taxonomy":"category","embeddable":true,"href":"https:\/\/diarioregionaldigital.com.br\/index.php?rest_route=%2Fwp%2Fv2%2Fcategories&post=124722"},{"taxonomy":"post_tag","embeddable":true,"href":"https:\/\/diarioregionaldigital.com.br\/index.php?rest_route=%2Fwp%2Fv2%2Ftags&post=124722"}],"curies":[{"name":"wp","href":"https:\/\/api.w.org\/{rel}","templated":true}]}}