{"id":124709,"date":"2018-11-03T10:30:08","date_gmt":"2018-11-03T12:30:08","guid":{"rendered":"https:\/\/diarioregionaldigital.com.br\/?p=124709"},"modified":"2018-11-03T10:30:08","modified_gmt":"2018-11-03T12:30:08","slug":"jovem-e-assaltada-no-centro-de-juiz-de-fora","status":"publish","type":"post","link":"https:\/\/diarioregionaldigital.com.br\/?p=124709","title":{"rendered":"Jovem \u00e9 assaltada no Centro de Juiz de Fora"},"content":{"rendered":"<p>Na madrugada deste s\u00e1bado, 03, uma jovem, de 23 anos, foi assaltada na Avenida Rio Branco, pr\u00f3ximo \u00e0 Catedral Metropolitana, no Centro de Juiz de Fora. Ela transitava pelo local, por volta de 2h30, na companhia de uma amiga.<\/p>\n<p>Ao passar por um ponto de\u00a0 \u00f4nibus, ela foi perseguida por um indiv\u00edduo que, usando de for\u00e7a f\u00edsica, segurou a jovem pelos cabelos e exigiu que ela entregasse o telefone celular e o dinheiro que tinha. A outra mulher correu e o assaltante n\u00e3o conseguiu roubar os pertences dela.<\/p>\n<p>Ap\u00f3s o crime, o autor fugiu e n\u00e3o foi encontrado pela Pol\u00edcia Militar.<\/p>\n","protected":false},"excerpt":{"rendered":"<p>Na madrugada deste s\u00e1bado, 03, uma jovem, de 23 anos, foi assaltada na Avenida Rio Branco, pr\u00f3ximo \u00e0 Catedral Metropolitana, no Centro de Juiz de Fora. Ela transitava pelo local, por volta de 2h30, na companhia de uma amiga. Ao passar por um ponto de\u00a0 \u00f4nibus, ela foi perseguida por um indiv\u00edduo que, usando de [&hellip;]<\/p>\n","protected":false},"author":96,"featured_media":95836,"comment_status":"closed","ping_status":"closed","sticky":false,"template":"","format":"standard","meta":{"footnotes":""},"categories":[301],"tags":[],"class_list":["post-124709","post","type-post","status-publish","format-standard","has-post-thumbnail","hentry","category-artigos-policiais"],"_links":{"self":[{"href":"https:\/\/diarioregionaldigital.com.br\/index.php?rest_route=\/wp\/v2\/posts\/124709","targetHints":{"allow":["GET"]}}],"collection":[{"href":"https:\/\/diarioregionaldigital.com.br\/index.php?rest_route=\/wp\/v2\/posts"}],"about":[{"href":"https:\/\/diarioregionaldigital.com.br\/index.php?rest_route=\/wp\/v2\/types\/post"}],"author":[{"embeddable":true,"href":"https:\/\/diarioregionaldigital.com.br\/index.php?rest_route=\/wp\/v2\/users\/96"}],"replies":[{"embeddable":true,"href":"https:\/\/diarioregionaldigital.com.br\/index.php?rest_route=%2Fwp%2Fv2%2Fcomments&post=124709"}],"version-history":[{"count":0,"href":"https:\/\/diarioregionaldigital.com.br\/index.php?rest_route=\/wp\/v2\/posts\/124709\/revisions"}],"wp:featuredmedia":[{"embeddable":true,"href":"https:\/\/diarioregionaldigital.com.br\/index.php?rest_route=\/wp\/v2\/media\/95836"}],"wp:attachment":[{"href":"https:\/\/diarioregionaldigital.com.br\/index.php?rest_route=%2Fwp%2Fv2%2Fmedia&parent=124709"}],"wp:term":[{"taxonomy":"category","embeddable":true,"href":"https:\/\/diarioregionaldigital.com.br\/index.php?rest_route=%2Fwp%2Fv2%2Fcategories&post=124709"},{"taxonomy":"post_tag","embeddable":true,"href":"https:\/\/diarioregionaldigital.com.br\/index.php?rest_route=%2Fwp%2Fv2%2Ftags&post=124709"}],"curies":[{"name":"wp","href":"https:\/\/api.w.org\/{rel}","templated":true}]}}