{"id":124699,"date":"2018-11-02T06:01:33","date_gmt":"2018-11-02T08:01:33","guid":{"rendered":"https:\/\/diarioregionaldigital.com.br\/?p=124699"},"modified":"2018-11-03T10:17:52","modified_gmt":"2018-11-03T12:17:52","slug":"settra-prepara-esquema-especial-para-enem-2018-2","status":"publish","type":"post","link":"https:\/\/diarioregionaldigital.com.br\/?p=124699","title":{"rendered":"Settra prepara esquema especial para Enem 2018"},"content":{"rendered":"<p>A Secretaria de Transporte e Tr\u00e2nsito (Settra) da Prefeitura de Juiz de Fora (PJF) disponibilizar\u00e1 hor\u00e1rios e \u00f4nibus extras para os candidatos que prestar\u00e3o o Exame Nacional do Ensino M\u00e9dio (Enem). Al\u00e9m disso, far\u00e1 altera\u00e7\u00f5es no tr\u00e2nsito na regi\u00e3o da Universidade Federal de Juiz de Fora (UFJF). As provas acontecem nos domingos 4 e 11 de novembro.<\/p>\n<p>Nos dois dias de prova, as linhas 545 e 555 (Universidade) contar\u00e3o com 13 ve\u00edculos extras, que ir\u00e3o operar a partir das 9 horas. Os \u00f4nibus da linha 545 com sa\u00edda do Centro entre 10h30 e 13 horas atender\u00e3o tamb\u00e9m \u00e0 Escola de Engenharia.<\/p>\n<p>A linha 755 Zona Norte\/ UFJF far\u00e1 atendimento extra e sair\u00e1 do Bairro Santa L\u00facia \u00e0s 10h50.<\/p>\n<p>A linha 221 (Bom pastor) far\u00e1 atendimento ao Col\u00e9gio Jo\u00e3o XXIII e sair\u00e1 do bairro \u00e0s 11h45, com ve\u00edculo extra.<\/p>\n<p>Atendendo \u00e0 Faculdade Machado Sobrinho, as linhas 213 e 215 (Cruzeiro do Sul) far\u00e3o atendimento extra e sair\u00e3o do Bairu \u00e0s 11h04, 11h18, 11h33, 11h47 e 12h02.<\/p>\n<p><b>Altera\u00e7\u00f5es de tr\u00e2nsito<\/b><\/p>\n<p>Nos dois dias do Enem, as altera\u00e7\u00f5es de tr\u00e2nsito pr\u00f3ximo \u00e0 UFJF acontecem das 12 \u00e0s 19 horas. A circula\u00e7\u00e3o das vias ocorre da seguinte maneira:<\/p>\n<p>A Rua Jos\u00e9 Louren\u00e7o Kelmer vai operar em m\u00e3o \u00fanica, entre o port\u00e3o Norte da UFJF e o trevo do Jardim Casablanca, nesta dire\u00e7\u00e3o. J\u00e1 a Rua Lauro Teles de Mesquita ter\u00e1 invers\u00e3o de sentido.<\/p>\n<p>Os ve\u00edculos provenientes do Centro com destino \u00e0 UFJF dever\u00e3o realizar o seguinte trajeto: Avenida Pedro Henrique Krambeck, ruas Lauro Teles de Mesquita e Jos\u00e9 Louren\u00e7o Kelmer.<\/p>\n<p>Os \u00f4nibus provenientes do Centro com destino ao Bairro S\u00e3o Pedro transitar\u00e3o pela Avenida Pedro Henrique Krambeck, Rua Ant\u00f4nio Rufino, Avenida Presidente Costa e Silva.<\/p>\n<p>Os \u00f4nibus provenientes do Centro com destino \u00e0 UFJF transitar\u00e3o pela Avenida Pedro Henrique Krambeck, Rua Lauro Teles de Mesquita, UFJF.<\/p>\n","protected":false},"excerpt":{"rendered":"<p>A Secretaria de Transporte e Tr\u00e2nsito (Settra) da Prefeitura de Juiz de Fora (PJF) disponibilizar\u00e1 hor\u00e1rios e \u00f4nibus extras para os candidatos que prestar\u00e3o o Exame Nacional do Ensino M\u00e9dio (Enem). Al\u00e9m disso, far\u00e1 altera\u00e7\u00f5es no tr\u00e2nsito na regi\u00e3o da Universidade Federal de Juiz de Fora (UFJF). As provas acontecem nos domingos 4 e 11 [&hellip;]<\/p>\n","protected":false},"author":96,"featured_media":124626,"comment_status":"closed","ping_status":"closed","sticky":false,"template":"","format":"standard","meta":{"footnotes":""},"categories":[253,436,440,439],"tags":[],"class_list":["post-124699","post","type-post","status-publish","format-standard","has-post-thumbnail","hentry","category-cidade","category-destaque-da-semana","category-destaques-do-dia","category-ultima-hora"],"_links":{"self":[{"href":"https:\/\/diarioregionaldigital.com.br\/index.php?rest_route=\/wp\/v2\/posts\/124699","targetHints":{"allow":["GET"]}}],"collection":[{"href":"https:\/\/diarioregionaldigital.com.br\/index.php?rest_route=\/wp\/v2\/posts"}],"about":[{"href":"https:\/\/diarioregionaldigital.com.br\/index.php?rest_route=\/wp\/v2\/types\/post"}],"author":[{"embeddable":true,"href":"https:\/\/diarioregionaldigital.com.br\/index.php?rest_route=\/wp\/v2\/users\/96"}],"replies":[{"embeddable":true,"href":"https:\/\/diarioregionaldigital.com.br\/index.php?rest_route=%2Fwp%2Fv2%2Fcomments&post=124699"}],"version-history":[{"count":0,"href":"https:\/\/diarioregionaldigital.com.br\/index.php?rest_route=\/wp\/v2\/posts\/124699\/revisions"}],"wp:featuredmedia":[{"embeddable":true,"href":"https:\/\/diarioregionaldigital.com.br\/index.php?rest_route=\/wp\/v2\/media\/124626"}],"wp:attachment":[{"href":"https:\/\/diarioregionaldigital.com.br\/index.php?rest_route=%2Fwp%2Fv2%2Fmedia&parent=124699"}],"wp:term":[{"taxonomy":"category","embeddable":true,"href":"https:\/\/diarioregionaldigital.com.br\/index.php?rest_route=%2Fwp%2Fv2%2Fcategories&post=124699"},{"taxonomy":"post_tag","embeddable":true,"href":"https:\/\/diarioregionaldigital.com.br\/index.php?rest_route=%2Fwp%2Fv2%2Ftags&post=124699"}],"curies":[{"name":"wp","href":"https:\/\/api.w.org\/{rel}","templated":true}]}}