{"id":124677,"date":"2018-11-04T06:00:42","date_gmt":"2018-11-04T08:00:42","guid":{"rendered":"https:\/\/diarioregionaldigital.com.br\/?p=124677"},"modified":"2018-11-01T22:18:31","modified_gmt":"2018-11-02T00:18:31","slug":"edital-assembleia-geral-extraordinaria-04-11-18","status":"publish","type":"post","link":"https:\/\/diarioregionaldigital.com.br\/?p=124677","title":{"rendered":"Edital &#8211; Assembl\u00e9ia Geral Extraordin\u00e1ria 04\/11\/18"},"content":{"rendered":"<p style=\"text-align: center;\"><strong>EDITAL \u2013 001\/18<\/strong><\/p>\n<p style=\"text-align: center;\"><strong>CONVOCA\u00c7\u00c3O DE ASSEMBLEIA GERAL EXTRAORDIN\u00c1RIA<\/strong><\/p>\n<p style=\"text-align: center;\">CL\u00cdNICA ATM \u2013 INSTITUTO DE DOR ORO-FACIAL LTDA \u2013 ME.<\/p>\n<p style=\"text-align: center;\">CNPJ: 04.356.404\/0001-73<\/p>\n<p style=\"text-align: center;\">Endere\u00e7o: Rua Rei Alberto, 108 \u2013 Sala 602 \u2013 Centro \u2013 Juiz de Fora\/MG<\/p>\n<p style=\"text-align: center;\">A Diretora Administrativo-Financeira, segundo autoriza a Legisla\u00e7\u00e3o e o Regimento Interno da Cl\u00ednica ATM \u2013 Instituto de Dor Oro-FacialLtda &#8211; ME, CNPJ:04.356.404\/0001-73, no uso das atribui\u00e7\u00f5es que lhes s\u00e3o conferidas, convoca os senhores s\u00f3cios em condi\u00e7\u00f5es de votar, para se reunirem em Assembleia Geral Extraordin\u00e1ria, que se realizar\u00e1 em sua sede social \u00e0 Rua Rei Alberto, 108 \u2013 Sala 602, no dia 10 de novembro de 2018, em primeira convoca\u00e7\u00e3o, \u00e0s 07(sete) horas e 30 (trinta) minutos; em segunda convoca\u00e7\u00e3o \u00e0s 08 horas, no mesmo dia e local, com a presen\u00e7a de <strong>3\/4 (tr\u00eas quartos)<\/strong> do capital social, a fim de deliberarem sobre a seguinte ORDEM DO DIA:<\/p>\n<p style=\"text-align: center;\">I \u2013 Reforma do Contrato Social:<\/p>\n<p style=\"text-align: center;\">II \u2013 Dissolu\u00e7\u00e3o Volunt\u00e1ria da Empresa e Nomea\u00e7\u00e3o do Liquidante.<\/p>\n<p style=\"text-align: center;\">III \u2013 Delibera\u00e7\u00e3o Sobre as Contas do Liquidante.<\/p>\n<p style=\"text-align: center;\">IV \u2013 Outros assuntos de interesse Social.<\/p>\n<p style=\"text-align: center;\"><strong>NOTA:<\/strong>\u00a0\u00a0\u00a0\u00a0\u00a0\u00a0\u00a0\u00a0\u00a0\u00a0 Para efeito de quorum, declara-se ser de <strong>100% (cem por cento)<\/strong>de participa\u00e7\u00e3o percentual do Capital Social.<\/p>\n<p style=\"text-align: center;\">Juiz de Fora\/MG, 01 de novembro de 2018.<\/p>\n<p style=\"text-align: center;\"><strong>__________________________________<\/strong><\/p>\n<p style=\"text-align: center;\"><strong>Karine Aparecida Gois Guimar\u00e3es<\/strong><\/p>\n<p style=\"text-align: center;\"><strong>Diretora Administrativo-Financeira<\/strong><\/p>\n<p style=\"text-align: center;\"><strong>CPF: 037.475.046-71<\/strong><\/p>\n","protected":false},"excerpt":{"rendered":"<p>EDITAL \u2013 001\/18 CONVOCA\u00c7\u00c3O DE ASSEMBLEIA GERAL EXTRAORDIN\u00c1RIA CL\u00cdNICA ATM \u2013 INSTITUTO DE DOR ORO-FACIAL LTDA \u2013 ME. CNPJ: 04.356.404\/0001-73 Endere\u00e7o: Rua Rei Alberto, 108 \u2013 Sala 602 \u2013 Centro \u2013 Juiz de Fora\/MG A Diretora Administrativo-Financeira, segundo autoriza a Legisla\u00e7\u00e3o e o Regimento Interno da Cl\u00ednica ATM \u2013 Instituto de Dor Oro-FacialLtda &#8211; ME, [&hellip;]<\/p>\n","protected":false},"author":96,"featured_media":0,"comment_status":"closed","ping_status":"closed","sticky":false,"template":"","format":"standard","meta":{"footnotes":""},"categories":[307],"tags":[],"class_list":["post-124677","post","type-post","status-publish","format-standard","hentry","category-editais"],"_links":{"self":[{"href":"https:\/\/diarioregionaldigital.com.br\/index.php?rest_route=\/wp\/v2\/posts\/124677","targetHints":{"allow":["GET"]}}],"collection":[{"href":"https:\/\/diarioregionaldigital.com.br\/index.php?rest_route=\/wp\/v2\/posts"}],"about":[{"href":"https:\/\/diarioregionaldigital.com.br\/index.php?rest_route=\/wp\/v2\/types\/post"}],"author":[{"embeddable":true,"href":"https:\/\/diarioregionaldigital.com.br\/index.php?rest_route=\/wp\/v2\/users\/96"}],"replies":[{"embeddable":true,"href":"https:\/\/diarioregionaldigital.com.br\/index.php?rest_route=%2Fwp%2Fv2%2Fcomments&post=124677"}],"version-history":[{"count":0,"href":"https:\/\/diarioregionaldigital.com.br\/index.php?rest_route=\/wp\/v2\/posts\/124677\/revisions"}],"wp:attachment":[{"href":"https:\/\/diarioregionaldigital.com.br\/index.php?rest_route=%2Fwp%2Fv2%2Fmedia&parent=124677"}],"wp:term":[{"taxonomy":"category","embeddable":true,"href":"https:\/\/diarioregionaldigital.com.br\/index.php?rest_route=%2Fwp%2Fv2%2Fcategories&post=124677"},{"taxonomy":"post_tag","embeddable":true,"href":"https:\/\/diarioregionaldigital.com.br\/index.php?rest_route=%2Fwp%2Fv2%2Ftags&post=124677"}],"curies":[{"name":"wp","href":"https:\/\/api.w.org\/{rel}","templated":true}]}}