{"id":124674,"date":"2018-11-04T06:00:56","date_gmt":"2018-11-04T08:00:56","guid":{"rendered":"https:\/\/diarioregionaldigital.com.br\/?p=124674"},"modified":"2018-11-01T22:13:08","modified_gmt":"2018-11-02T00:13:08","slug":"em-alta-6","status":"publish","type":"post","link":"https:\/\/diarioregionaldigital.com.br\/?p=124674","title":{"rendered":"Em Alta"},"content":{"rendered":"<p style=\"text-align: center;\"><strong>Fus\u00e3o<\/strong><\/p>\n<p style=\"text-align: center;\">Na base do disse-me-disse, um dos neg\u00f3cios mais aguardados do mercado, a compra da divis\u00e3o comercial da Embraer pela Boeing deve ter o arremate final fechado durante a transi\u00e7\u00e3o de governo. O acordo entre as duas companhias j\u00e1 est\u00e1 praticamente finalizado, mas o novo presidente, deve participar das discuss\u00f5es.<\/p>\n<p style=\"text-align: center;\"><strong>Letras <\/strong><\/p>\n<p style=\"text-align: center;\">Antenad\u00edssima com a cultura em Juiz de Fora, a Doutora em Letras e escritora Maria de Lourdes Abreu de Oliveira lan\u00e7ou o romance \u201cNem t\u00e3o claro enigma\u201d, em noite gloriosa no MAAM. Com selo da Editora Batel e com pref\u00e1cio de Gilberto Mendon\u00e7a, a obra foca o drama, paix\u00e3o, encontros e desencontros.<\/p>\n<p style=\"text-align: center;\"><strong>Minha Casa Minha Vida<\/strong><\/p>\n<p style=\"text-align: center;\">Com queda nos rendimentos e arrecada\u00e7\u00f5es ainda em ritmo fraco, o FGTS ficou sem recursos para atender a fam\u00edlias do programa Minha Casa Minha Vida em 2018. Em outubro o dinheiro acabou em v\u00e1rios estados. Diante disso o governo est\u00e1 tentando levantar, dentro do or\u00e7amento do Fundo, pelo ao menos R$ 5 bilh\u00f5es para evitar a paraliza\u00e7\u00e3o das obras.<\/p>\n<p style=\"text-align: center;\"><strong>Voc\u00ea Sabia <\/strong><\/p>\n<p style=\"text-align: center;\">Cerca de 33% dos 168 mil pontos de venda de cigarros no Brasil vendem exclusivamente produtos contrabandeados do Paraguai. A revela\u00e7\u00e3o \u00e9 de uma pesquisa in\u00e9dita feita pelo Instituto Etco sobre o mercado ilegal no pa\u00eds. \u00ca \u00ca \u00ca fumac\u00ea, \u00ca \u00ca \u00ca fuma\u00e7\u00e1!!!<\/p>\n<p style=\"text-align: center;\"><strong>Heran\u00e7a<\/strong><\/p>\n<p style=\"text-align: center;\">Com o tema Festa, a nova cole\u00e7\u00e3o de alto joalheria da Bulgari conta com mais de 100 joias poderosas, entre rubis, safiras, esmeraldas e diamantes. A ideia \u00e9 celebrar a heran\u00e7a hist\u00f3rica da marca romana, que cria pe\u00e7as impactantes desde 1884. O destaque do cat\u00e1logo \u00e9 o colar com diamantes e esmeraldas. S\u00f3 para quem pode!<\/p>\n<p style=\"text-align: center;\"><strong>Em Alta<\/strong><\/p>\n<p style=\"text-align: center;\">A Miss Juiz de Fora CNB Maria Eduarda Azevedo e o Mr. Juiz de Fora CNB Felipe Zancanela est\u00e3o a todo vapor nos preparativos para o concurso estadual que ser\u00e1 realizado dia 14 de novembro, em Patos de Minas. A produ\u00e7\u00e3o \u00e9 do tarimbado Diley Almeida.<\/p>\n<div id=\"attachment_124639\" style=\"width: 690px\" class=\"wp-caption aligncenter\"><img loading=\"lazy\" decoding=\"async\" aria-describedby=\"caption-attachment-124639\" class=\"wp-image-124639\" src=\"https:\/\/diarioregionaldigital.com.br\/wp-content\/uploads\/2018\/11\/fotoa-1-e1541117101713.jpg\" alt=\"\" width=\"680\" height=\"556\" srcset=\"https:\/\/diarioregionaldigital.com.br\/wp-content\/uploads\/2018\/11\/fotoa-1-e1541117101713.jpg 1163w, https:\/\/diarioregionaldigital.com.br\/wp-content\/uploads\/2018\/11\/fotoa-1-e1541117101713-300x245.jpg 300w, https:\/\/diarioregionaldigital.com.br\/wp-content\/uploads\/2018\/11\/fotoa-1-e1541117101713-768x628.jpg 768w, https:\/\/diarioregionaldigital.com.br\/wp-content\/uploads\/2018\/11\/fotoa-1-e1541117101713-1024x837.jpg 1024w, https:\/\/diarioregionaldigital.com.br\/wp-content\/uploads\/2018\/11\/fotoa-1-e1541117101713-220x180.jpg 220w, https:\/\/diarioregionaldigital.com.br\/wp-content\/uploads\/2018\/11\/fotoa-1-e1541117101713-360x294.jpg 360w\" sizes=\"auto, (max-width: 680px) 100vw, 680px\" \/><p id=\"caption-attachment-124639\" class=\"wp-caption-text\">Em momento luxuoso na Esta\u00e7\u00e3o S\u00e3o Pedro brilhou a classe e eleg\u00e2ncia de Nininha Petrosino Ribeiro<\/p><\/div>\n<div id=\"attachment_124640\" style=\"width: 690px\" class=\"wp-caption aligncenter\"><img loading=\"lazy\" decoding=\"async\" aria-describedby=\"caption-attachment-124640\" class=\"wp-image-124640\" src=\"https:\/\/diarioregionaldigital.com.br\/wp-content\/uploads\/2018\/11\/fotob-1-e1541117123836.jpg\" alt=\"\" width=\"680\" height=\"481\" srcset=\"https:\/\/diarioregionaldigital.com.br\/wp-content\/uploads\/2018\/11\/fotob-1-e1541117123836.jpg 499w, https:\/\/diarioregionaldigital.com.br\/wp-content\/uploads\/2018\/11\/fotob-1-e1541117123836-300x212.jpg 300w, https:\/\/diarioregionaldigital.com.br\/wp-content\/uploads\/2018\/11\/fotob-1-e1541117123836-360x255.jpg 360w, https:\/\/diarioregionaldigital.com.br\/wp-content\/uploads\/2018\/11\/fotob-1-e1541117123836-100x70.jpg 100w\" sizes=\"auto, (max-width: 680px) 100vw, 680px\" \/><p id=\"caption-attachment-124640\" class=\"wp-caption-text\">Momento pacto total no Caf\u00e9 da Mata com Ot\u00e1vio Fagundes J\u00fanior, Beto Lavinas e Yuri Girardi<\/p><\/div>\n<div id=\"attachment_124641\" style=\"width: 690px\" class=\"wp-caption aligncenter\"><img loading=\"lazy\" decoding=\"async\" aria-describedby=\"caption-attachment-124641\" class=\"wp-image-124641\" src=\"https:\/\/diarioregionaldigital.com.br\/wp-content\/uploads\/2018\/11\/fotoc-1-e1541117173255.jpg\" alt=\"\" width=\"680\" height=\"500\" srcset=\"https:\/\/diarioregionaldigital.com.br\/wp-content\/uploads\/2018\/11\/fotoc-1-e1541117173255.jpg 544w, https:\/\/diarioregionaldigital.com.br\/wp-content\/uploads\/2018\/11\/fotoc-1-e1541117173255-300x221.jpg 300w, https:\/\/diarioregionaldigital.com.br\/wp-content\/uploads\/2018\/11\/fotoc-1-e1541117173255-360x265.jpg 360w\" sizes=\"auto, (max-width: 680px) 100vw, 680px\" \/><p id=\"caption-attachment-124641\" class=\"wp-caption-text\">Fam\u00edlia fazendo a linha \u201cJuntos Somos Mais Fortes\u201d, Elber Machado Cordeiro com as filhas Isadora, Isabella e Iasmin a mulher Sandra, e o neto Gael Machado Grij\u00f3<\/p><\/div>\n<div id=\"attachment_124642\" style=\"width: 690px\" class=\"wp-caption aligncenter\"><img loading=\"lazy\" decoding=\"async\" aria-describedby=\"caption-attachment-124642\" class=\"wp-image-124642\" src=\"https:\/\/diarioregionaldigital.com.br\/wp-content\/uploads\/2018\/11\/fotod-1-e1541117200769.jpg\" alt=\"\" width=\"680\" height=\"501\" srcset=\"https:\/\/diarioregionaldigital.com.br\/wp-content\/uploads\/2018\/11\/fotod-1-e1541117200769.jpg 950w, https:\/\/diarioregionaldigital.com.br\/wp-content\/uploads\/2018\/11\/fotod-1-e1541117200769-300x221.jpg 300w, https:\/\/diarioregionaldigital.com.br\/wp-content\/uploads\/2018\/11\/fotod-1-e1541117200769-768x566.jpg 768w, https:\/\/diarioregionaldigital.com.br\/wp-content\/uploads\/2018\/11\/fotod-1-e1541117200769-360x265.jpg 360w\" sizes=\"auto, (max-width: 680px) 100vw, 680px\" \/><p id=\"caption-attachment-124642\" class=\"wp-caption-text\">Fazendo estilo sertanejo-rom\u00e2ntico, o belo Rodrigo Pina<\/p><\/div>\n<div id=\"attachment_124643\" style=\"width: 690px\" class=\"wp-caption aligncenter\"><img loading=\"lazy\" decoding=\"async\" aria-describedby=\"caption-attachment-124643\" class=\"wp-image-124643\" src=\"https:\/\/diarioregionaldigital.com.br\/wp-content\/uploads\/2018\/11\/fotoe-1-e1541117222788.jpg\" alt=\"\" width=\"680\" height=\"542\" srcset=\"https:\/\/diarioregionaldigital.com.br\/wp-content\/uploads\/2018\/11\/fotoe-1-e1541117222788.jpg 400w, https:\/\/diarioregionaldigital.com.br\/wp-content\/uploads\/2018\/11\/fotoe-1-e1541117222788-300x239.jpg 300w, https:\/\/diarioregionaldigital.com.br\/wp-content\/uploads\/2018\/11\/fotoe-1-e1541117222788-360x287.jpg 360w\" sizes=\"auto, (max-width: 680px) 100vw, 680px\" \/><p id=\"caption-attachment-124643\" class=\"wp-caption-text\">Na deslumbrante noite do Privil\u00e8ge, Lena Cruz e o filho Gustavo Cruz<\/p><\/div>\n<div id=\"attachment_124644\" style=\"width: 690px\" class=\"wp-caption aligncenter\"><img loading=\"lazy\" decoding=\"async\" aria-describedby=\"caption-attachment-124644\" class=\"wp-image-124644\" src=\"https:\/\/diarioregionaldigital.com.br\/wp-content\/uploads\/2018\/11\/fotof-1-e1541117241326.jpg\" alt=\"\" width=\"680\" height=\"471\" srcset=\"https:\/\/diarioregionaldigital.com.br\/wp-content\/uploads\/2018\/11\/fotof-1-e1541117241326.jpg 523w, https:\/\/diarioregionaldigital.com.br\/wp-content\/uploads\/2018\/11\/fotof-1-e1541117241326-300x208.jpg 300w, https:\/\/diarioregionaldigital.com.br\/wp-content\/uploads\/2018\/11\/fotof-1-e1541117241326-360x249.jpg 360w, https:\/\/diarioregionaldigital.com.br\/wp-content\/uploads\/2018\/11\/fotof-1-e1541117241326-100x70.jpg 100w\" sizes=\"auto, (max-width: 680px) 100vw, 680px\" \/><p id=\"caption-attachment-124644\" class=\"wp-caption-text\">Em noite m\u00e1gica no Privil\u00e8ge, Marcelo Ribeiro Machado (Bola), Marcela Teixeira Machado, Lucas Afonso Calais e Leticia Teixeira Machado<\/p><\/div>\n<div id=\"attachment_124645\" style=\"width: 690px\" class=\"wp-caption aligncenter\"><img loading=\"lazy\" decoding=\"async\" aria-describedby=\"caption-attachment-124645\" class=\"wp-image-124645\" src=\"https:\/\/diarioregionaldigital.com.br\/wp-content\/uploads\/2018\/11\/fotog-1-e1541117261664.jpg\" alt=\"\" width=\"680\" height=\"703\" srcset=\"https:\/\/diarioregionaldigital.com.br\/wp-content\/uploads\/2018\/11\/fotog-1-e1541117261664.jpg 1168w, https:\/\/diarioregionaldigital.com.br\/wp-content\/uploads\/2018\/11\/fotog-1-e1541117261664-290x300.jpg 290w, https:\/\/diarioregionaldigital.com.br\/wp-content\/uploads\/2018\/11\/fotog-1-e1541117261664-768x794.jpg 768w, https:\/\/diarioregionaldigital.com.br\/wp-content\/uploads\/2018\/11\/fotog-1-e1541117261664-990x1024.jpg 990w, https:\/\/diarioregionaldigital.com.br\/wp-content\/uploads\/2018\/11\/fotog-1-e1541117261664-360x372.jpg 360w\" sizes=\"auto, (max-width: 680px) 100vw, 680px\" \/><p id=\"caption-attachment-124645\" class=\"wp-caption-text\">Gustavo Fonseca fazendo tipo Ad\u00e3o e a ma\u00e7\u00e3<\/p><\/div>\n<div id=\"attachment_124646\" style=\"width: 690px\" class=\"wp-caption aligncenter\"><img loading=\"lazy\" decoding=\"async\" aria-describedby=\"caption-attachment-124646\" class=\"wp-image-124646\" src=\"https:\/\/diarioregionaldigital.com.br\/wp-content\/uploads\/2018\/11\/fotoh-1-e1541117285710.jpg\" alt=\"\" width=\"680\" height=\"546\" srcset=\"https:\/\/diarioregionaldigital.com.br\/wp-content\/uploads\/2018\/11\/fotoh-1-e1541117285710.jpg 450w, https:\/\/diarioregionaldigital.com.br\/wp-content\/uploads\/2018\/11\/fotoh-1-e1541117285710-300x241.jpg 300w, https:\/\/diarioregionaldigital.com.br\/wp-content\/uploads\/2018\/11\/fotoh-1-e1541117285710-360x289.jpg 360w\" sizes=\"auto, (max-width: 680px) 100vw, 680px\" \/><p id=\"caption-attachment-124646\" class=\"wp-caption-text\">Sempre charmosa Carol Neves simples assim<\/p><\/div>\n<div id=\"attachment_124647\" style=\"width: 690px\" class=\"wp-caption aligncenter\"><img loading=\"lazy\" decoding=\"async\" aria-describedby=\"caption-attachment-124647\" class=\"wp-image-124647\" src=\"https:\/\/diarioregionaldigital.com.br\/wp-content\/uploads\/2018\/11\/fotoi-1-e1541117307795.jpg\" alt=\"\" width=\"680\" height=\"530\" srcset=\"https:\/\/diarioregionaldigital.com.br\/wp-content\/uploads\/2018\/11\/fotoi-1-e1541117307795.jpg 3456w, https:\/\/diarioregionaldigital.com.br\/wp-content\/uploads\/2018\/11\/fotoi-1-e1541117307795-300x234.jpg 300w, https:\/\/diarioregionaldigital.com.br\/wp-content\/uploads\/2018\/11\/fotoi-1-e1541117307795-768x599.jpg 768w, https:\/\/diarioregionaldigital.com.br\/wp-content\/uploads\/2018\/11\/fotoi-1-e1541117307795-1024x799.jpg 1024w, https:\/\/diarioregionaldigital.com.br\/wp-content\/uploads\/2018\/11\/fotoi-1-e1541117307795-360x281.jpg 360w\" sizes=\"auto, (max-width: 680px) 100vw, 680px\" \/><p id=\"caption-attachment-124647\" class=\"wp-caption-text\">Formando casal 20 no Privil\u00e8ge, Ronaldo Campos e Bia Baldi Campos<\/p><\/div>\n<div id=\"attachment_124648\" style=\"width: 690px\" class=\"wp-caption aligncenter\"><img loading=\"lazy\" decoding=\"async\" aria-describedby=\"caption-attachment-124648\" class=\"wp-image-124648\" src=\"https:\/\/diarioregionaldigital.com.br\/wp-content\/uploads\/2018\/11\/fotoj-1-e1541117330376.jpg\" alt=\"\" width=\"680\" height=\"531\" srcset=\"https:\/\/diarioregionaldigital.com.br\/wp-content\/uploads\/2018\/11\/fotoj-1-e1541117330376.jpg 641w, https:\/\/diarioregionaldigital.com.br\/wp-content\/uploads\/2018\/11\/fotoj-1-e1541117330376-300x234.jpg 300w, https:\/\/diarioregionaldigital.com.br\/wp-content\/uploads\/2018\/11\/fotoj-1-e1541117330376-360x281.jpg 360w\" sizes=\"auto, (max-width: 680px) 100vw, 680px\" \/><p id=\"caption-attachment-124648\" class=\"wp-caption-text\">Alex Almeida mostra a estrutura moderna da moda M.Marques<\/p><\/div>\n<div id=\"attachment_124649\" style=\"width: 690px\" class=\"wp-caption aligncenter\"><img loading=\"lazy\" decoding=\"async\" aria-describedby=\"caption-attachment-124649\" class=\"wp-image-124649\" src=\"https:\/\/diarioregionaldigital.com.br\/wp-content\/uploads\/2018\/11\/fotol-e1541117349740.jpg\" alt=\"\" width=\"680\" height=\"506\" srcset=\"https:\/\/diarioregionaldigital.com.br\/wp-content\/uploads\/2018\/11\/fotol-e1541117349740.jpg 638w, https:\/\/diarioregionaldigital.com.br\/wp-content\/uploads\/2018\/11\/fotol-e1541117349740-300x223.jpg 300w, https:\/\/diarioregionaldigital.com.br\/wp-content\/uploads\/2018\/11\/fotol-e1541117349740-360x268.jpg 360w\" sizes=\"auto, (max-width: 680px) 100vw, 680px\" \/><p id=\"caption-attachment-124649\" class=\"wp-caption-text\">O poder da cria\u00e7\u00e3o com o estilista da Fio de Linha, Hamilton Sabi\u00e3o<\/p><\/div>\n<p style=\"text-align: center;\"><strong>FOTOSS\u00cdNTESE<\/strong><\/p>\n<p>Thiago Juste levou os filhos Pedro Juste e Maria Eduarda Juste para uma manh\u00e3 especial para as crian\u00e7as na Bamag-Autom\u00f3veis, concessionaria Mercedes-Benz.<\/p>\n<p>Foi coroado de sucesso o Projeto Fadas Madrinhas que teve noite gloriosa no Privil\u00e8ge realizando o sonho de 26 jovens em n\u00edvel nacional com um lindo baile de debutantes. A coordena\u00e7\u00e3o foi de Liliane Barros e Marty Caron com apoio da cerimonialista Silvana Souza.<\/p>\n<p>A Editora da UFJF est\u00e1 doando livros para os funcion\u00e1rios. O foco \u00e9 difundir o conhecimento e as obras produzidas pela Universidade e homenagear o servidor p\u00fablico.<\/p>\n<p>Recado: o din\u00e2mico padre S\u00e9rgio Luiz e Silva est\u00e1 mobilizando campanha para a reforma da Igreja S\u00e3o Roque. As doa\u00e7\u00f5es podem ser feitas por meio de cotas.<\/p>\n<p>Ouvi no elevador: Dentro de casa \u00e9 preciso valorizar objetos herdados e coisas que nos ligam \u00e0 \u201cverdadeira ess\u00eancia\u201d.<\/p>\n<p>Feliz da vida, Aline Gouv\u00eaa Leite defendeu com maestria o doutorado em tecnologia da arquitetura pela USP.<\/p>\n<p>Os odont\u00f3logos Mauro Cruz e o filho Gustavo Cruz participaram em S\u00e3o Paulo do Abross 2018 \u2013 um dos mais importantes congressos da implantodontia.<\/p>\n<p>Nomes catalogados da sociedade local marcaram presen\u00e7a na Casa Design para o desfile da joalheria Mina de Ouro com participa\u00e7\u00e3o da Bobstore e Capodarte. Ponto para Lilian Fartura, Carla Oliveira e Fernanda Sperandio.<\/p>\n<p>O memorial da Rep\u00fablica Presidente Itamar Franco est\u00e1 expondo as fotografias de Luciano Lima J\u00fanior com o tema \u201cA\u00e7\u00e3o do Instante\u201d. Em cena, flashes sobre as manifesta\u00e7\u00f5es de 2013.<\/p>\n<p>Digno de elogios, o m\u00e9dico Leonardo Poncinelli (Ultrimagem) se notabiliza em Juiz de Fora com investimento na rela\u00e7\u00e3o m\u00e9dico-paciente. Ponto para ele.<\/p>\n<p>Ser\u00e1 inaugurada na ter\u00e7a-feira, dia 6 de novembro, na Galeria de Arte do Forum da Cultura &#8211; UFJF, a mostra \u201cPaisagens Contempor\u00e2neas\u201d, de Gabriela Maciel, Alice Rodrigues e Francisco Brand\u00e3o. A entrada \u00e9 gratuita.<\/p>\n<p>Visualizando: Apesar deste colunista n\u00e3o gostar de nomes que acabam com \u201cinho\u201d, sou obrigado agora a exigir o devagarinho, o levinho e o mansinho. Bom dia!<\/p>\n","protected":false},"excerpt":{"rendered":"<p>Fus\u00e3o Na base do disse-me-disse, um dos neg\u00f3cios mais aguardados do mercado, a compra da divis\u00e3o comercial da Embraer pela Boeing deve ter o arremate final fechado durante a transi\u00e7\u00e3o de governo. O acordo entre as duas companhias j\u00e1 est\u00e1 praticamente finalizado, mas o novo presidente, deve participar das discuss\u00f5es. Letras Antenad\u00edssima com a cultura [&hellip;]<\/p>\n","protected":false},"author":96,"featured_media":124639,"comment_status":"closed","ping_status":"closed","sticky":false,"template":"","format":"standard","meta":{"footnotes":""},"categories":[264],"tags":[],"class_list":["post-124674","post","type-post","status-publish","format-standard","has-post-thumbnail","hentry","category-eduardo-gomes"],"_links":{"self":[{"href":"https:\/\/diarioregionaldigital.com.br\/index.php?rest_route=\/wp\/v2\/posts\/124674","targetHints":{"allow":["GET"]}}],"collection":[{"href":"https:\/\/diarioregionaldigital.com.br\/index.php?rest_route=\/wp\/v2\/posts"}],"about":[{"href":"https:\/\/diarioregionaldigital.com.br\/index.php?rest_route=\/wp\/v2\/types\/post"}],"author":[{"embeddable":true,"href":"https:\/\/diarioregionaldigital.com.br\/index.php?rest_route=\/wp\/v2\/users\/96"}],"replies":[{"embeddable":true,"href":"https:\/\/diarioregionaldigital.com.br\/index.php?rest_route=%2Fwp%2Fv2%2Fcomments&post=124674"}],"version-history":[{"count":0,"href":"https:\/\/diarioregionaldigital.com.br\/index.php?rest_route=\/wp\/v2\/posts\/124674\/revisions"}],"wp:featuredmedia":[{"embeddable":true,"href":"https:\/\/diarioregionaldigital.com.br\/index.php?rest_route=\/wp\/v2\/media\/124639"}],"wp:attachment":[{"href":"https:\/\/diarioregionaldigital.com.br\/index.php?rest_route=%2Fwp%2Fv2%2Fmedia&parent=124674"}],"wp:term":[{"taxonomy":"category","embeddable":true,"href":"https:\/\/diarioregionaldigital.com.br\/index.php?rest_route=%2Fwp%2Fv2%2Fcategories&post=124674"},{"taxonomy":"post_tag","embeddable":true,"href":"https:\/\/diarioregionaldigital.com.br\/index.php?rest_route=%2Fwp%2Fv2%2Ftags&post=124674"}],"curies":[{"name":"wp","href":"https:\/\/api.w.org\/{rel}","templated":true}]}}