{"id":124671,"date":"2018-11-02T06:00:53","date_gmt":"2018-11-02T08:00:53","guid":{"rendered":"https:\/\/diarioregionaldigital.com.br\/?p=124671"},"modified":"2018-11-01T21:59:38","modified_gmt":"2018-11-01T23:59:38","slug":"alivio-fiscal","status":"publish","type":"post","link":"https:\/\/diarioregionaldigital.com.br\/?p=124671","title":{"rendered":"Al\u00edvio Fiscal"},"content":{"rendered":"<p style=\"text-align: center;\"><strong>Necessidade<\/strong><\/p>\n<p style=\"text-align: center;\">A Odebrecht recebeu 35.893 inscritos para o programa do est\u00e1gio das f\u00e9rias de janeiro de 2019. Apesar dos pesares, a empreiteira \u00e9 a quinta empresa de engenharia em que os estudantes da \u00e1rea mais sonham em trabalhar. Novidade: 48% entre os inscritos s\u00e3o mulheres.<\/p>\n<p style=\"text-align: center;\"><strong>Al\u00edvio Fiscal<\/strong><\/p>\n<p style=\"text-align: center;\">Passado o segundo turno das elei\u00e7\u00f5es, o Congresso ter\u00e1 pela frente vota\u00e7\u00f5es importantes para o governo na economia, que precisam ser resolvidas at\u00e9 o final do ano. Na fila, est\u00e3o oito medidas provis\u00f3rias com impacto em a\u00e7\u00f5es federais e no or\u00e7amento de 2019 para 2020. O governo estima que a medida deve gerar economia de R$4,7 bilh\u00f5es ao cofre p\u00fablico.<\/p>\n<p style=\"text-align: center;\"><strong>Luz quero Luz<\/strong><\/p>\n<p style=\"text-align: center;\">A Ag\u00eancia Nacional de Energia El\u00e9trica (Aneel) informou que a bandeira tarif\u00e1ria a ser aplicada nas contas de luz no m\u00eas de novembro \u00e9 a amarela. Isso significa que os consumidores ter\u00e3o um al\u00edvio depois de cinco meses consecutivos da vig\u00eancia da bandeira vermelha n\u00edvel 2. A esta\u00e7\u00e3o chuvosa permite a redu\u00e7\u00e3o.<\/p>\n<p style=\"text-align: center;\"><strong>Joias<\/strong><\/p>\n<p style=\"text-align: center;\">A fauna dos tr\u00f3picos \u00e9 o ponto de partida da nova cole\u00e7\u00e3o da Vivara, pensada especialmente para o Natal. Retratando a leveza dos p\u00e1ssaros, as pe\u00e7as ganham formas livres e pedras como top\u00e1zio azul e espin\u00e9lia negra. Um luxo.<\/p>\n<p style=\"text-align: center;\"><strong>Solidariedade<\/strong><\/p>\n<p style=\"text-align: center;\">Eterno rei da Banda Daky, o general Jos\u00e9 Carlos Passos deu sinal verde para que a loja Z\u00e9 Kodak, no Independ\u00eancia Shopping, seja parceira da campanha Sabor do Bem em prol da Funda\u00e7\u00e3o Ricardo Mos\u00e9s Jr. Est\u00e1 vendendo os vouchers\u2019 de pizza do Mr.Tugas.<\/p>\n<p style=\"text-align: center;\"><strong>Criatividade<\/strong><\/p>\n<p style=\"text-align: center;\">Com muito empenho, o projeto de extens\u00e3o Circuito Cient\u00edfico, desenvolvido pelos integrantes do Instituto de Engenheiros Eletricistas e Eletr\u00f4nicos da UFJF, foi selecionado como o melhor projeto social da Am\u00e9rica Latina. A premia\u00e7\u00e3o acontece no M\u00e9xico.<\/p>\n<div id=\"attachment_124628\" style=\"width: 690px\" class=\"wp-caption aligncenter\"><img loading=\"lazy\" decoding=\"async\" aria-describedby=\"caption-attachment-124628\" class=\"wp-image-124628\" src=\"https:\/\/diarioregionaldigital.com.br\/wp-content\/uploads\/2018\/11\/fotoa-e1541116290390.jpg\" alt=\"\" width=\"680\" height=\"533\" srcset=\"https:\/\/diarioregionaldigital.com.br\/wp-content\/uploads\/2018\/11\/fotoa-e1541116290390.jpg 700w, https:\/\/diarioregionaldigital.com.br\/wp-content\/uploads\/2018\/11\/fotoa-e1541116290390-300x235.jpg 300w, https:\/\/diarioregionaldigital.com.br\/wp-content\/uploads\/2018\/11\/fotoa-e1541116290390-360x282.jpg 360w\" sizes=\"auto, (max-width: 680px) 100vw, 680px\" \/><p id=\"caption-attachment-124628\" class=\"wp-caption-text\">Abrindo a temporada ver\u00e3o para esta coluna social on-line, o saud\u00e1vel fot\u00f3grafo Igor Oliveira<\/p><\/div>\n<div id=\"attachment_124629\" style=\"width: 690px\" class=\"wp-caption aligncenter\"><img loading=\"lazy\" decoding=\"async\" aria-describedby=\"caption-attachment-124629\" class=\"wp-image-124629\" src=\"https:\/\/diarioregionaldigital.com.br\/wp-content\/uploads\/2018\/11\/fotob.jpg\" alt=\"\" width=\"680\" height=\"453\" srcset=\"https:\/\/diarioregionaldigital.com.br\/wp-content\/uploads\/2018\/11\/fotob.jpg 5184w, https:\/\/diarioregionaldigital.com.br\/wp-content\/uploads\/2018\/11\/fotob-300x200.jpg 300w, https:\/\/diarioregionaldigital.com.br\/wp-content\/uploads\/2018\/11\/fotob-768x512.jpg 768w, https:\/\/diarioregionaldigital.com.br\/wp-content\/uploads\/2018\/11\/fotob-1024x683.jpg 1024w, https:\/\/diarioregionaldigital.com.br\/wp-content\/uploads\/2018\/11\/fotob-360x240.jpg 360w\" sizes=\"auto, (max-width: 680px) 100vw, 680px\" \/><p id=\"caption-attachment-124629\" class=\"wp-caption-text\">Mulheres chiqu\u00e9rrimas na festa deste colunista no Trade Hotel, Wandercina Souza, Wanda Magnolo, M\u00f4nica Gomide Guimar\u00e3es e Irene Barros<\/p><\/div>\n<div id=\"attachment_124630\" style=\"width: 690px\" class=\"wp-caption aligncenter\"><img loading=\"lazy\" decoding=\"async\" aria-describedby=\"caption-attachment-124630\" class=\"wp-image-124630\" src=\"https:\/\/diarioregionaldigital.com.br\/wp-content\/uploads\/2018\/11\/fotoc-e1541116314573.jpg\" alt=\"\" width=\"680\" height=\"524\" srcset=\"https:\/\/diarioregionaldigital.com.br\/wp-content\/uploads\/2018\/11\/fotoc-e1541116314573.jpg 712w, https:\/\/diarioregionaldigital.com.br\/wp-content\/uploads\/2018\/11\/fotoc-e1541116314573-300x231.jpg 300w, https:\/\/diarioregionaldigital.com.br\/wp-content\/uploads\/2018\/11\/fotoc-e1541116314573-360x278.jpg 360w\" sizes=\"auto, (max-width: 680px) 100vw, 680px\" \/><p id=\"caption-attachment-124630\" class=\"wp-caption-text\">Um close especial no jovem fisioterapeuta Eduardo Gama<\/p><\/div>\n<div id=\"attachment_124631\" style=\"width: 690px\" class=\"wp-caption aligncenter\"><img loading=\"lazy\" decoding=\"async\" aria-describedby=\"caption-attachment-124631\" class=\"wp-image-124631\" src=\"https:\/\/diarioregionaldigital.com.br\/wp-content\/uploads\/2018\/11\/fotod-e1541116340153.jpg\" alt=\"\" width=\"680\" height=\"585\" srcset=\"https:\/\/diarioregionaldigital.com.br\/wp-content\/uploads\/2018\/11\/fotod-e1541116340153.jpg 1163w, https:\/\/diarioregionaldigital.com.br\/wp-content\/uploads\/2018\/11\/fotod-e1541116340153-300x258.jpg 300w, https:\/\/diarioregionaldigital.com.br\/wp-content\/uploads\/2018\/11\/fotod-e1541116340153-768x660.jpg 768w, https:\/\/diarioregionaldigital.com.br\/wp-content\/uploads\/2018\/11\/fotod-e1541116340153-1024x880.jpg 1024w, https:\/\/diarioregionaldigital.com.br\/wp-content\/uploads\/2018\/11\/fotod-e1541116340153-360x310.jpg 360w\" sizes=\"auto, (max-width: 680px) 100vw, 680px\" \/><p id=\"caption-attachment-124631\" class=\"wp-caption-text\">Leonardo Cipriano pelas lentes de Johnny Pio<\/p><\/div>\n<div id=\"attachment_124632\" style=\"width: 690px\" class=\"wp-caption aligncenter\"><img loading=\"lazy\" decoding=\"async\" aria-describedby=\"caption-attachment-124632\" class=\"wp-image-124632\" src=\"https:\/\/diarioregionaldigital.com.br\/wp-content\/uploads\/2018\/11\/fotoe-e1541116374486.jpg\" alt=\"\" width=\"680\" height=\"527\" srcset=\"https:\/\/diarioregionaldigital.com.br\/wp-content\/uploads\/2018\/11\/fotoe-e1541116374486.jpg 399w, https:\/\/diarioregionaldigital.com.br\/wp-content\/uploads\/2018\/11\/fotoe-e1541116374486-300x232.jpg 300w, https:\/\/diarioregionaldigital.com.br\/wp-content\/uploads\/2018\/11\/fotoe-e1541116374486-360x279.jpg 360w\" sizes=\"auto, (max-width: 680px) 100vw, 680px\" \/><p id=\"caption-attachment-124632\" class=\"wp-caption-text\">Fazendo pit-stop no Restaurante Card\u00e1pio Mineiro, Maria Ot\u00e1via Ghetti e Gabriel Muller<\/p><\/div>\n<div id=\"attachment_124633\" style=\"width: 690px\" class=\"wp-caption aligncenter\"><img loading=\"lazy\" decoding=\"async\" aria-describedby=\"caption-attachment-124633\" class=\"wp-image-124633\" src=\"https:\/\/diarioregionaldigital.com.br\/wp-content\/uploads\/2018\/11\/fotof.jpg\" alt=\"\" width=\"680\" height=\"454\" srcset=\"https:\/\/diarioregionaldigital.com.br\/wp-content\/uploads\/2018\/11\/fotof.jpg 550w, https:\/\/diarioregionaldigital.com.br\/wp-content\/uploads\/2018\/11\/fotof-300x200.jpg 300w, https:\/\/diarioregionaldigital.com.br\/wp-content\/uploads\/2018\/11\/fotof-360x240.jpg 360w\" sizes=\"auto, (max-width: 680px) 100vw, 680px\" \/><p id=\"caption-attachment-124633\" class=\"wp-caption-text\">Lindos casais no Caf\u00e9 da Mata, Tarc\u00edsio J\u00fanior, Liliane Carapinha, Ana Alice Calixto e Klaus Freitas<\/p><\/div>\n<div id=\"attachment_124635\" style=\"width: 690px\" class=\"wp-caption aligncenter\"><img loading=\"lazy\" decoding=\"async\" aria-describedby=\"caption-attachment-124635\" class=\"wp-image-124635\" src=\"https:\/\/diarioregionaldigital.com.br\/wp-content\/uploads\/2018\/11\/fotog-e1541116426419.jpg\" alt=\"\" width=\"680\" height=\"487\" srcset=\"https:\/\/diarioregionaldigital.com.br\/wp-content\/uploads\/2018\/11\/fotog-e1541116426419.jpg 3456w, https:\/\/diarioregionaldigital.com.br\/wp-content\/uploads\/2018\/11\/fotog-e1541116426419-300x215.jpg 300w, https:\/\/diarioregionaldigital.com.br\/wp-content\/uploads\/2018\/11\/fotog-e1541116426419-768x550.jpg 768w, https:\/\/diarioregionaldigital.com.br\/wp-content\/uploads\/2018\/11\/fotog-e1541116426419-1024x733.jpg 1024w, https:\/\/diarioregionaldigital.com.br\/wp-content\/uploads\/2018\/11\/fotog-e1541116426419-360x258.jpg 360w\" sizes=\"auto, (max-width: 680px) 100vw, 680px\" \/><p id=\"caption-attachment-124635\" class=\"wp-caption-text\">Mulheres empoderadas no Privil\u00e8ge, Camila Campos Fernanda Esteves, Marjorye Assis e Patr\u00edcia Zanella<\/p><\/div>\n<div id=\"attachment_124636\" style=\"width: 690px\" class=\"wp-caption aligncenter\"><img loading=\"lazy\" decoding=\"async\" aria-describedby=\"caption-attachment-124636\" class=\"wp-image-124636\" src=\"https:\/\/diarioregionaldigital.com.br\/wp-content\/uploads\/2018\/11\/fotoh-e1541116454406.jpg\" alt=\"\" width=\"680\" height=\"496\" srcset=\"https:\/\/diarioregionaldigital.com.br\/wp-content\/uploads\/2018\/11\/fotoh-e1541116454406.jpg 960w, https:\/\/diarioregionaldigital.com.br\/wp-content\/uploads\/2018\/11\/fotoh-e1541116454406-300x219.jpg 300w, https:\/\/diarioregionaldigital.com.br\/wp-content\/uploads\/2018\/11\/fotoh-e1541116454406-768x560.jpg 768w, https:\/\/diarioregionaldigital.com.br\/wp-content\/uploads\/2018\/11\/fotoh-e1541116454406-360x263.jpg 360w\" sizes=\"auto, (max-width: 680px) 100vw, 680px\" \/><p id=\"caption-attachment-124636\" class=\"wp-caption-text\">Explodindo cora\u00e7\u00f5es no Rio de Janeiro, a modelo e atriz juiz-forana Let\u00edcia Weber<\/p><\/div>\n<div id=\"attachment_124637\" style=\"width: 690px\" class=\"wp-caption aligncenter\"><img loading=\"lazy\" decoding=\"async\" aria-describedby=\"caption-attachment-124637\" class=\"wp-image-124637\" src=\"https:\/\/diarioregionaldigital.com.br\/wp-content\/uploads\/2018\/11\/fotoi.jpg\" alt=\"\" width=\"680\" height=\"453\" srcset=\"https:\/\/diarioregionaldigital.com.br\/wp-content\/uploads\/2018\/11\/fotoi.jpg 5184w, https:\/\/diarioregionaldigital.com.br\/wp-content\/uploads\/2018\/11\/fotoi-300x200.jpg 300w, https:\/\/diarioregionaldigital.com.br\/wp-content\/uploads\/2018\/11\/fotoi-768x512.jpg 768w, https:\/\/diarioregionaldigital.com.br\/wp-content\/uploads\/2018\/11\/fotoi-1024x683.jpg 1024w, https:\/\/diarioregionaldigital.com.br\/wp-content\/uploads\/2018\/11\/fotoi-360x240.jpg 360w\" sizes=\"auto, (max-width: 680px) 100vw, 680px\" \/><p id=\"caption-attachment-124637\" class=\"wp-caption-text\">Gente que \u00e9 not\u00edcia no Privil\u00e8ge, Marcos Grij\u00f3, Dod\u00f4 Souza e Gilda Queir\u00f3s<\/p><\/div>\n<div id=\"attachment_124638\" style=\"width: 690px\" class=\"wp-caption aligncenter\"><img loading=\"lazy\" decoding=\"async\" aria-describedby=\"caption-attachment-124638\" class=\"wp-image-124638\" src=\"https:\/\/diarioregionaldigital.com.br\/wp-content\/uploads\/2018\/11\/fotoj.jpg\" alt=\"\" width=\"680\" height=\"456\" srcset=\"https:\/\/diarioregionaldigital.com.br\/wp-content\/uploads\/2018\/11\/fotoj.jpg 1764w, https:\/\/diarioregionaldigital.com.br\/wp-content\/uploads\/2018\/11\/fotoj-300x201.jpg 300w, https:\/\/diarioregionaldigital.com.br\/wp-content\/uploads\/2018\/11\/fotoj-768x515.jpg 768w, https:\/\/diarioregionaldigital.com.br\/wp-content\/uploads\/2018\/11\/fotoj-1024x686.jpg 1024w, https:\/\/diarioregionaldigital.com.br\/wp-content\/uploads\/2018\/11\/fotoj-360x241.jpg 360w\" sizes=\"auto, (max-width: 680px) 100vw, 680px\" \/><p id=\"caption-attachment-124638\" class=\"wp-caption-text\">Diley Almeida ladeado das bomb\u00e1sticas modelos, Julia Horta, Lorena Rodrigues, Larissa Cheuem, Isabella Stumpf e Sarah Costa<\/p><\/div>\n<p style=\"text-align: center;\"><strong>FOTOSS\u00cdNTESE<\/strong><\/p>\n<p>O ator Gustavo Mendes se apresenta com o aplaudido espet\u00e1culo \u201cDi uma vez por todos!\u201d hoje em Tr\u00eas Rios (RJ).<\/p>\n<p>Convicta de seu papel para garantir as pessoas uma melhor qualidade de vida, a diretora da Unimed\/JF, Nath\u00e9rcia Abr\u00e3o fez palestra no Simp\u00f3sio da Federa\u00e7\u00e3o das Unimeds de Goi\u00e1s, Tocantins e Distrito Federal. Ela falou do novo modelo de exist\u00eancia da assist\u00eancia \u00e0 sa\u00fade, focado no cuidado integral ao paciente. Foi muito aplaudida.<\/p>\n<p>Para o s\u00e1bado do feriado, a Sublime promove uma suculenta Feijoada Master onde ser\u00e1 evidenciada a qualidade das carnes nobres do feij\u00e3o, feij\u00e3o, feij\u00e3o.<\/p>\n<p>Disciplinados e com caracter\u00edsticas do bem, os integrantes da Academia Activa Fitness Center promoveram no Parque do Museu Mariano Proc\u00f3pio um aul\u00e3o de zumba, com arrecada\u00e7\u00e3o de alimentos para a Ascomcer. Ponto para eles.<\/p>\n<p>O m\u00fasico Gutti Mendes (leia-se L\u00fadica M\u00fasica) comemorou dois meses do Projeto Ter\u00e7as na Arteria, ao lado dos integrantes da Onze:20, Vitin e F\u00e1bio.<\/p>\n<p>Em ritmo de pop-rock, o Cultural recebe no s\u00e1bado, 3 de novembro, \u00e0s 23h, a banda Super 8 Bits para show com m\u00fasicas para ouvir e dan\u00e7ar.<\/p>\n<p>Em ritmo de as \u00e1guas v\u00e3o rolar, a Toca da Raposa estar\u00e1 animada na sexta-feira, 2, \u00e0s 22h, para o Pagode da Toca. No palco os especiais Nem do Dick e Thiago Santana.<\/p>\n<p>At\u00e9 4 de novembro, a Cia. Sala de Giz apresenta o espet\u00e1culo teatral Terra Sem Acalanto em seu espa\u00e7o Sala de Giz, \u00e0s 20h, na rua Mariano Proc\u00f3pio, n\u00ba 65.<\/p>\n<p>Ouvi no elevador: Mantenha seu celular longe da cama, para que sua frequ\u00eancia e energia n\u00e3o interfiram no sono e at\u00e9 mesmo na vida. Captei!<\/p>\n<p>Agendando para o dia 6 de dezembro, a inaugura\u00e7\u00e3o da segunda loja da Pernambucanas. Ser\u00e1 no espa\u00e7o que sediava o \u00faltimo cinema de rua de Juiz de Fora, o Cinearte Palace.<\/p>\n<p>Em estilo arrebatador, Paula Nobrega lan\u00e7a no dia 9, no MAMM, o livro \u201cNem todas as princesas usam vestidos\u201d.<\/p>\n<p>Para interferir: Pessoas resignadas n\u00e3o renovam ideias, acomodam-se \u00e0s suas certezas, perdem a capacidade de encantamento, pesam com seu excesso de mesmice. Tem que virar o disco, \u00e9 s\u00f3 querer. Bom dia.<\/p>\n","protected":false},"excerpt":{"rendered":"<p>Necessidade A Odebrecht recebeu 35.893 inscritos para o programa do est\u00e1gio das f\u00e9rias de janeiro de 2019. Apesar dos pesares, a empreiteira \u00e9 a quinta empresa de engenharia em que os estudantes da \u00e1rea mais sonham em trabalhar. Novidade: 48% entre os inscritos s\u00e3o mulheres. Al\u00edvio Fiscal Passado o segundo turno das elei\u00e7\u00f5es, o Congresso [&hellip;]<\/p>\n","protected":false},"author":96,"featured_media":124628,"comment_status":"closed","ping_status":"closed","sticky":false,"template":"","format":"standard","meta":{"footnotes":""},"categories":[264],"tags":[],"class_list":["post-124671","post","type-post","status-publish","format-standard","has-post-thumbnail","hentry","category-eduardo-gomes"],"_links":{"self":[{"href":"https:\/\/diarioregionaldigital.com.br\/index.php?rest_route=\/wp\/v2\/posts\/124671","targetHints":{"allow":["GET"]}}],"collection":[{"href":"https:\/\/diarioregionaldigital.com.br\/index.php?rest_route=\/wp\/v2\/posts"}],"about":[{"href":"https:\/\/diarioregionaldigital.com.br\/index.php?rest_route=\/wp\/v2\/types\/post"}],"author":[{"embeddable":true,"href":"https:\/\/diarioregionaldigital.com.br\/index.php?rest_route=\/wp\/v2\/users\/96"}],"replies":[{"embeddable":true,"href":"https:\/\/diarioregionaldigital.com.br\/index.php?rest_route=%2Fwp%2Fv2%2Fcomments&post=124671"}],"version-history":[{"count":0,"href":"https:\/\/diarioregionaldigital.com.br\/index.php?rest_route=\/wp\/v2\/posts\/124671\/revisions"}],"wp:featuredmedia":[{"embeddable":true,"href":"https:\/\/diarioregionaldigital.com.br\/index.php?rest_route=\/wp\/v2\/media\/124628"}],"wp:attachment":[{"href":"https:\/\/diarioregionaldigital.com.br\/index.php?rest_route=%2Fwp%2Fv2%2Fmedia&parent=124671"}],"wp:term":[{"taxonomy":"category","embeddable":true,"href":"https:\/\/diarioregionaldigital.com.br\/index.php?rest_route=%2Fwp%2Fv2%2Fcategories&post=124671"},{"taxonomy":"post_tag","embeddable":true,"href":"https:\/\/diarioregionaldigital.com.br\/index.php?rest_route=%2Fwp%2Fv2%2Ftags&post=124671"}],"curies":[{"name":"wp","href":"https:\/\/api.w.org\/{rel}","templated":true}]}}