{"id":124663,"date":"2018-11-04T06:00:49","date_gmt":"2018-11-04T08:00:49","guid":{"rendered":"https:\/\/diarioregionaldigital.com.br\/?p=124663"},"modified":"2018-11-29T15:04:23","modified_gmt":"2018-11-29T17:04:23","slug":"o-novo-governo-e-a-educacao","status":"publish","type":"post","link":"https:\/\/diarioregionaldigital.com.br\/?p=124663","title":{"rendered":"O NOVO GOVERNO E A EDUCA\u00c7\u00c3O"},"content":{"rendered":"<p>Jair Bolsonaro, o candidato do PSL &#8211; Partido Social Liberal, foi eleito o novo presidente do Brasil, e no discurso que fez, no an\u00fancio de sua vit\u00f3ria, prometeu transformar o Brasil em uma grande, livre e pr\u00f3spera na\u00e7\u00e3o, \u201creduzindo a sua estrutura e a burocracia, cortando desperd\u00edcios e privil\u00e9gios, para que as pessoas possam dar muitos passos \u00e0 frente\u201d. Esperamos que ele seja feliz em seus objetivos, mas quais ser\u00e3o os seus planos para o setor da educa\u00e7\u00e3o?<\/p>\n<p>No seu programa de governo, Jair Bolsonaro reclama do baixo desempenho registrado no pa\u00eds no segmento da educa\u00e7\u00e3o. Ele utiliza frases de efeito \u2013 do tipo \u201cgastamos como os melhores\u201d e \u201ceducamos como os piores\u201d &#8211; para mostrar que os investimentos financeiros no setor (mais de R$ 100 bilh\u00f5es) s\u00e3o incompat\u00edveis com o p\u00e9ssimo n\u00edvel educacional dos estudantes. Mais adiante, defende uma invers\u00e3o na pir\u00e2mide, ou seja: o governo precisa destinar maiores aportes de recursos na educa\u00e7\u00e3o infantil, ao contr\u00e1rio do que ocorre hoje, quando prioriza a educa\u00e7\u00e3o superior. Essa proposta, se aplicada, traria uma mudan\u00e7a radical na pol\u00edtica do setor.<\/p>\n<p>O programa tamb\u00e9m prev\u00ea o estabelecimento de pelo menos um col\u00e9gio militar em cada capital brasileira at\u00e9 2020. Esse projeto de militariza\u00e7\u00e3o das escolas como uma op\u00e7\u00e3o para o futuro do pa\u00eds foi muito defendida durante a campanha. Segundo ele, os alunos de col\u00e9gios em regi\u00f5es violentas melhoraram o desempenho quando militares se tornaram diretores. Ele cita os exemplos das unidades existentes no Amazonas e em Goi\u00e1s, e vai listar os estados que n\u00e3o tenham col\u00e9gio militar para que passem a contar com uma unidade. O maior deles seria constru\u00eddo no Campo de Marte, em S\u00e3o Paulo.<\/p>\n<p>Al\u00e9m de acabar com a aprova\u00e7\u00e3o autom\u00e1tica, o novo presidente apresenta uma proposta de fundo social que chama muito a aten\u00e7\u00e3o: alunos e professores de universidades p\u00fablicas privadas seriam destacados para dar aulas de refor\u00e7o escolar em \u00e1reas carentes. Ele tamb\u00e9m quer a volta das disciplinas de Educa\u00e7\u00e3o Moral e C\u00edvica e Organiza\u00e7\u00e3o Social e Pol\u00edtica do Brasil (OSPB), e para isso ser\u00e1 preciso trabalhar em novos estudos para propiciar mudan\u00e7as na Base Nacional Comum Curricular (BNCC). Lembramos que at\u00e9 hoje o BNCC do ensino m\u00e9dio est\u00e1 em discuss\u00e3o no Conselho Nacional de Educa\u00e7\u00e3o (CNE) e n\u00e3o foi liberado.<\/p>\n<p>Ao abordar a quest\u00e3o do m\u00e9todo de gest\u00e3o na educa\u00e7\u00e3o, o programa de governo do PSL fala em revis\u00e3o e moderniza\u00e7\u00e3o do conte\u00fado. O objetivo \u00e9 claro: expurgar do sistema todas as refer\u00eancias \u00e0s doutrinas marxistas na forma\u00e7\u00e3o dos professores e tamb\u00e9m na alfabetiza\u00e7\u00e3o dos alunos. Em rela\u00e7\u00e3o ao trin\u00f4mio \u201cinova\u00e7\u00e3o-ci\u00eancia-tecnologia\u201d, Jair Bolsonaro, que visitou diversos pa\u00edses, considera esgotado o modelo atual, que \u00e9 centralizado e comandado de Bras\u00edlia. Ele chama a aten\u00e7\u00e3o para os programas desenvolvidos em Israel, Estados Unidos, Taiwan, Coreia do Sul e Jap\u00e3o, que d\u00e3o grande \u00eanfase aos cursos t\u00e9cnicos e \u00e0s carreiras de exatas.<\/p>\n<p>Vamos esperar 2019, quando come\u00e7a a gest\u00e3o do presidente eleito, para que tenhamos uma vis\u00e3o real das suas propostas. De antem\u00e3o, ele admite que \u00e9 poss\u00edvel fazer muito mais com os atuais recursos disponibilizados para o Minist\u00e9rio da Educa\u00e7\u00e3o, e isso \u00e9 um bom ind\u00edcio. Em seu discurso, tamb\u00e9m podemos destacar o aceno que ele fez \u00e0 juventude: \u201cAos jovens, palavra do fundo do meu cora\u00e7\u00e3o: voc\u00eas t\u00eam vivido um per\u00edodo de incerteza e estagna\u00e7\u00e3o econ\u00f4mica, voc\u00eas foram e est\u00e3o sendo testados a provar sua capacidade de resistir. Prometo que isso vai mudar, essa \u00e9 a nossa miss\u00e3o. Governaremos com os olhos nas futuras gera\u00e7\u00f5es e n\u00e3o na pr\u00f3xima elei\u00e7\u00e3o\u201d.<\/p>\n<p>&nbsp;<\/p>\n","protected":false},"excerpt":{"rendered":"<p>Jair Bolsonaro, o candidato do PSL &#8211; Partido Social Liberal, foi eleito o novo presidente do Brasil, e no discurso que fez, no an\u00fancio de sua vit\u00f3ria, prometeu transformar o Brasil em uma grande, livre e pr\u00f3spera na\u00e7\u00e3o, \u201creduzindo a sua estrutura e a burocracia, cortando desperd\u00edcios e privil\u00e9gios, para que as pessoas possam dar [&hellip;]<\/p>\n","protected":false},"author":96,"featured_media":96753,"comment_status":"closed","ping_status":"closed","sticky":false,"template":"","format":"standard","meta":{"footnotes":""},"categories":[275,435,436,439],"tags":[],"class_list":["post-124663","post","type-post","status-publish","format-standard","has-post-thumbnail","hentry","category-arnaldo-niskier","category-colunas","category-destaque-da-semana","category-ultima-hora"],"_links":{"self":[{"href":"https:\/\/diarioregionaldigital.com.br\/index.php?rest_route=\/wp\/v2\/posts\/124663","targetHints":{"allow":["GET"]}}],"collection":[{"href":"https:\/\/diarioregionaldigital.com.br\/index.php?rest_route=\/wp\/v2\/posts"}],"about":[{"href":"https:\/\/diarioregionaldigital.com.br\/index.php?rest_route=\/wp\/v2\/types\/post"}],"author":[{"embeddable":true,"href":"https:\/\/diarioregionaldigital.com.br\/index.php?rest_route=\/wp\/v2\/users\/96"}],"replies":[{"embeddable":true,"href":"https:\/\/diarioregionaldigital.com.br\/index.php?rest_route=%2Fwp%2Fv2%2Fcomments&post=124663"}],"version-history":[{"count":0,"href":"https:\/\/diarioregionaldigital.com.br\/index.php?rest_route=\/wp\/v2\/posts\/124663\/revisions"}],"wp:featuredmedia":[{"embeddable":true,"href":"https:\/\/diarioregionaldigital.com.br\/index.php?rest_route=\/wp\/v2\/media\/96753"}],"wp:attachment":[{"href":"https:\/\/diarioregionaldigital.com.br\/index.php?rest_route=%2Fwp%2Fv2%2Fmedia&parent=124663"}],"wp:term":[{"taxonomy":"category","embeddable":true,"href":"https:\/\/diarioregionaldigital.com.br\/index.php?rest_route=%2Fwp%2Fv2%2Fcategories&post=124663"},{"taxonomy":"post_tag","embeddable":true,"href":"https:\/\/diarioregionaldigital.com.br\/index.php?rest_route=%2Fwp%2Fv2%2Ftags&post=124663"}],"curies":[{"name":"wp","href":"https:\/\/api.w.org\/{rel}","templated":true}]}}