{"id":124656,"date":"2018-11-04T06:00:14","date_gmt":"2018-11-04T08:00:14","guid":{"rendered":"https:\/\/diarioregionaldigital.com.br\/?p=124656"},"modified":"2018-11-05T08:07:19","modified_gmt":"2018-11-05T10:07:19","slug":"pesquisa-aponta-que-cerca-de-80-dos-brasileiros-se-automedicam","status":"publish","type":"post","link":"https:\/\/diarioregionaldigital.com.br\/?p=124656","title":{"rendered":"Pesquisa aponta que cerca de 80% dos brasileiros se automedicam"},"content":{"rendered":"<p>Uma pesquisa realizada pelo Instituto de Ci\u00eancia, Tecnologia e Qualidade (ICTQ) mostra que 79% das pessoas com mais de 16 anos admitem tomar rem\u00e9dios sem prescri\u00e7\u00e3o m\u00e9dica. O levantamento foi feito em setembro em 129 munic\u00edpios das cinco regi\u00f5es do Brasil, contando com 2.126 pessoas a partir dos 16 anos.<\/p>\n<p>De acordo com os dados da pesquisa, dor de cabe\u00e7a, febre, resfriado e dores musculares est\u00e3o entre os principais sintomas que levam o brasileiro a se medicar.B\u00e1rbara Penasso, farmac\u00eautica, acredita que a praticidade \u00e9 um dos motivos da automedica\u00e7\u00e3o. \u201cA op\u00e7\u00e3o da automedica\u00e7\u00e3o \u00e9 muito mais atraente e simples do que marcar uma consulta m\u00e9dica. Essa \u00e9 uma pr\u00e1tica cada vez mais frequente entre os jovens. Eles se automedicam como uma solu\u00e7\u00e3o pr\u00e1tica e r\u00e1pida. Os pais precisam ficar atentos, pois essa pr\u00e1tica pode causar efeitos adversos e at\u00e9 mascarar algumas doen\u00e7as\u201d, disse. Analg\u00e9sicos, anti-inflamat\u00f3rios, relaxantes musculares e antit\u00e9rmicos est\u00e3o entre os principais medicamentos mais consumidos.<\/p>\n<p>No geral, o percentual \u00e9 o maior desde que a pesquisa come\u00e7ou a ser realizada pelo ICQT. No levantamento de 2014, 76,2% das pessoas diziam automedicar-se, enquanto 72% afirmaram o mesmo em 2016. Na nova pesquisa, o maior porcentual de automedica\u00e7\u00e3o foi observado entre adultos de 25 a 34 anos, com 91%. O estudo aponta que o imediatismo e o maior acesso \u00e0 internet\u00a0est\u00e3o entre os motivos para o aumento do uso de rem\u00e9dios por conta pr\u00f3pria. Anelisa Louren\u00e7o Fonseca tamb\u00e9m \u00e9 farmac\u00eautica. Segundo ela, a automedica\u00e7\u00e3o tamb\u00e9m ocorre, muitas vezes, por indica\u00e7\u00e3o de outras pessoas. \u201cUma vez um de nossos clientes sofreu um acidente de moto e uma pessoa indicou determinado medicamento para que ele fizesse uso e esse medicamento n\u00e3o ajudaria em nada nessa situa\u00e7\u00e3o. \u00c0s vezes as pessoas escutam muito \u2018terceiros\u2019 que n\u00e3o t\u00eam conhecimento e n\u00e3o sabem para o que serve o rem\u00e9dio\u201d, comenta.<\/p>\n<div id=\"attachment_124658\" style=\"width: 1034px\" class=\"wp-caption aligncenter\"><img loading=\"lazy\" decoding=\"async\" aria-describedby=\"caption-attachment-124658\" class=\"wp-image-124658 size-large\" src=\"https:\/\/diarioregionaldigital.com.br\/wp-content\/uploads\/2018\/11\/RAFAELA-FRUTUOSO-USAR-ESSA-2-1024x683.jpg\" alt=\"\" width=\"1024\" height=\"683\" srcset=\"https:\/\/diarioregionaldigital.com.br\/wp-content\/uploads\/2018\/11\/RAFAELA-FRUTUOSO-USAR-ESSA-2-1024x683.jpg 1024w, https:\/\/diarioregionaldigital.com.br\/wp-content\/uploads\/2018\/11\/RAFAELA-FRUTUOSO-USAR-ESSA-2-300x200.jpg 300w, https:\/\/diarioregionaldigital.com.br\/wp-content\/uploads\/2018\/11\/RAFAELA-FRUTUOSO-USAR-ESSA-2-768x512.jpg 768w, https:\/\/diarioregionaldigital.com.br\/wp-content\/uploads\/2018\/11\/RAFAELA-FRUTUOSO-USAR-ESSA-2-360x240.jpg 360w\" sizes=\"auto, (max-width: 1024px) 100vw, 1024px\" \/><p id=\"caption-attachment-124658\" class=\"wp-caption-text\">A pesquisa tamb\u00e9m divulga dados separados por regi\u00e3o. A regi\u00e3o que lidera no ranking da automedica\u00e7\u00e3o \u00e9 a regi\u00e3o Sul, com 85%. O Norte e Centro-Oeste somam 80%, o Nordeste apresenta 78% e a regi\u00e3o Sudeste soma 77%. Foto: Rafaela Frutuoso<\/p><\/div>\n<p>Dependendo do tipo de medicamento e da dosagem administrada, a automedica\u00e7\u00e3o pode apresentar alguns problemas. \u201cOs riscos envolvem desde rea\u00e7\u00f5es gastrointestinais como n\u00e1useas e v\u00f4mitos at\u00e9 rea\u00e7\u00f5es al\u00e9rgicas graves e a morte\u201d, explica Matheus Gouv\u00eaa, m\u00e9dico-residente de Cl\u00ednica M\u00e9dica. Al\u00e9m disso, a automedica\u00e7\u00e3o tamb\u00e9m pode prejudicar tratamentos. \u201cO uso de antibi\u00f3ticos, por exemplo, pode fazer com que as bact\u00e9rias criem resist\u00eancia, dificultando o tratamento. Os antidepressivos por outro lado podem causar depend\u00eancia\u201d, disse.<\/p>\n<p>Al\u00e9m da pesquisa realizada pela ICTQ, outros estudos tamb\u00e9m mostram que os mais jovens se automedicam mais que os idosos e aqueles que t\u00eam melhor escolaridade tamb\u00e9m se automedicam mais. \u201cIsso mostra que o acesso a informa\u00e7\u00e3o n\u00e3o \u00e9 o suficiente para conscientizar o paciente desses riscos, que s\u00e3o evidentes e porventura s\u00e9rios\u201d, disse o m\u00e9dico. Ele acredita que \u201co f\u00e1cil acesso \u00e0 medica\u00e7\u00e3o, as dificuldades em se ter acesso a um m\u00e9dico e a cultura do brasileiro de dar sempre um \u2018jeitinho\u2019 preferindo se automedicar aprocurar aux\u00edlio m\u00e9dico s\u00e3o os principais fatores que contribuem com esses dados apresentados na pesquisa\u201d, explica.<\/p>\n<p>A pesquisa tamb\u00e9m divulga dados separados por regi\u00e3o. A regi\u00e3o que lidera no ranking da automedica\u00e7\u00e3o \u00e9 a regi\u00e3o Sul, com 85%. O Norte e Centro-Oeste somam 80%, o Nordeste apresenta 78% e a regi\u00e3o Sudeste soma 77%.<\/p>\n","protected":false},"excerpt":{"rendered":"<p>Uma pesquisa realizada pelo Instituto de Ci\u00eancia, Tecnologia e Qualidade (ICTQ) mostra que 79% das pessoas com mais de 16 anos admitem tomar rem\u00e9dios sem prescri\u00e7\u00e3o m\u00e9dica. O levantamento foi feito em setembro em 129 munic\u00edpios das cinco regi\u00f5es do Brasil, contando com 2.126 pessoas a partir dos 16 anos. De acordo com os dados [&hellip;]<\/p>\n","protected":false},"author":96,"featured_media":124657,"comment_status":"closed","ping_status":"closed","sticky":false,"template":"","format":"standard","meta":{"footnotes":""},"categories":[253,436,440,439],"tags":[],"class_list":["post-124656","post","type-post","status-publish","format-standard","has-post-thumbnail","hentry","category-cidade","category-destaque-da-semana","category-destaques-do-dia","category-ultima-hora"],"_links":{"self":[{"href":"https:\/\/diarioregionaldigital.com.br\/index.php?rest_route=\/wp\/v2\/posts\/124656","targetHints":{"allow":["GET"]}}],"collection":[{"href":"https:\/\/diarioregionaldigital.com.br\/index.php?rest_route=\/wp\/v2\/posts"}],"about":[{"href":"https:\/\/diarioregionaldigital.com.br\/index.php?rest_route=\/wp\/v2\/types\/post"}],"author":[{"embeddable":true,"href":"https:\/\/diarioregionaldigital.com.br\/index.php?rest_route=\/wp\/v2\/users\/96"}],"replies":[{"embeddable":true,"href":"https:\/\/diarioregionaldigital.com.br\/index.php?rest_route=%2Fwp%2Fv2%2Fcomments&post=124656"}],"version-history":[{"count":0,"href":"https:\/\/diarioregionaldigital.com.br\/index.php?rest_route=\/wp\/v2\/posts\/124656\/revisions"}],"wp:featuredmedia":[{"embeddable":true,"href":"https:\/\/diarioregionaldigital.com.br\/index.php?rest_route=\/wp\/v2\/media\/124657"}],"wp:attachment":[{"href":"https:\/\/diarioregionaldigital.com.br\/index.php?rest_route=%2Fwp%2Fv2%2Fmedia&parent=124656"}],"wp:term":[{"taxonomy":"category","embeddable":true,"href":"https:\/\/diarioregionaldigital.com.br\/index.php?rest_route=%2Fwp%2Fv2%2Fcategories&post=124656"},{"taxonomy":"post_tag","embeddable":true,"href":"https:\/\/diarioregionaldigital.com.br\/index.php?rest_route=%2Fwp%2Fv2%2Ftags&post=124656"}],"curies":[{"name":"wp","href":"https:\/\/api.w.org\/{rel}","templated":true}]}}