{"id":124526,"date":"2018-10-31T19:09:13","date_gmt":"2018-10-31T21:09:13","guid":{"rendered":"https:\/\/diarioregionaldigital.com.br\/?p=124526"},"modified":"2018-11-01T11:11:06","modified_gmt":"2018-11-01T13:11:06","slug":"policia-civil-apreende-cerca-de-260-tabletes-de-maconha-no-bairro-linhares","status":"publish","type":"post","link":"https:\/\/diarioregionaldigital.com.br\/?p=124526","title":{"rendered":"Pol\u00edcia Civil apreende cerca de 260 tabletes de maconha no bairro Linhares"},"content":{"rendered":"<p>A Pol\u00edcia Civil de Juiz de Fora, atrav\u00e9s da Delegacia Especializada Antidrogas em parceria com a Delegacia de Homic\u00eddios, apreendeu cerca de 260 tabletes de maconha, pouco mais de 250kg da droga, nesta quarta-feira, 31, no bairro Linhares, Zona Leste da cidade.<\/p>\n<p>De acordo com as informa\u00e7\u00f5es, os policiais receberam uma den\u00fancia de que havia uma grande quantidade de drogas em uma casa existente no bairro, localizada na Rua Heitor Santos Junior. Ap\u00f3s um per\u00edodo de investiga\u00e7\u00f5es, eles descobriram que o im\u00f3vel teria sido comprado por um homem de 24 anos. Ele e o irm\u00e3o, 28 anos, ambos conhecidos no meio policial, estariam utilizando o local para o tr\u00e1fico. Anteriormente, ap\u00f3s a morte da propriet\u00e1ria, a filha \u2013 identificada como prima dos autores- vendeu a casa para um deles a troco de um Golf.<\/p>\n<p>No local, os policiais encontraram uma balan\u00e7a eletr\u00f4nica e v\u00e1rios sacos contendo barras de maconha. O delegado Rog\u00e9rio Woyame, respons\u00e1vel pela a\u00e7\u00e3o, informou que na casa n\u00e3o havia m\u00f3veis, o que significa que o local era utilizado com intuito de armazenar as drogas.<\/p>\n<p>Outra equipe da Pol\u00edcia Civil foi at\u00e9 o bairro Milho Branco, Zona Norte de Juiz de Fora, onde moram os dois irm\u00e3os, mas eles n\u00e3o foram localizados. O delegado explica que ser\u00e1 solicitada a pris\u00e3o da dupla por tr\u00e1fico de drogas e associa\u00e7\u00e3o para o tr\u00e1fico. \u201cUm deles j\u00e1 foi preso por tr\u00e1fico de drogas. Eles tamb\u00e9m respondem a homic\u00eddio e porte de arma. S\u00e3o criminosos contumazes que continuavam no radar da delegacia. J\u00e1 temos provas que comprovam que essa droga pertence a esses dois autores\u201d, disse. De acordo com as informa\u00e7\u00f5es, o autor de 28 anos j\u00e1 teria sido preso por tr\u00e1fico em 2016.<\/p>\n<p>Segundo o delegado Woyame, eles comercializam a droga tanto a peso quando em pequena quantidade. \u201cN\u00f3s temos informa\u00e7\u00f5es de que a droga era vendida at\u00e9 para cidades aqui da regi\u00e3o\u201d, comenta. As investiga\u00e7\u00f5es continuam na tentativa de localizar os dois autores. A suspeita \u00e9 de que mais pessoas estejam envolvidas nesta a\u00e7\u00e3o criminosa.<\/p>\n","protected":false},"excerpt":{"rendered":"<p>A Pol\u00edcia Civil de Juiz de Fora, atrav\u00e9s da Delegacia Especializada Antidrogas em parceria com a Delegacia de Homic\u00eddios, apreendeu cerca de 260 tabletes de maconha, pouco mais de 250kg da droga, nesta quarta-feira, 31, no bairro Linhares, Zona Leste da cidade. De acordo com as informa\u00e7\u00f5es, os policiais receberam uma den\u00fancia de que havia [&hellip;]<\/p>\n","protected":false},"author":96,"featured_media":124529,"comment_status":"closed","ping_status":"closed","sticky":false,"template":"","format":"standard","meta":{"footnotes":""},"categories":[253,436,440,439],"tags":[],"class_list":["post-124526","post","type-post","status-publish","format-standard","has-post-thumbnail","hentry","category-cidade","category-destaque-da-semana","category-destaques-do-dia","category-ultima-hora"],"_links":{"self":[{"href":"https:\/\/diarioregionaldigital.com.br\/index.php?rest_route=\/wp\/v2\/posts\/124526","targetHints":{"allow":["GET"]}}],"collection":[{"href":"https:\/\/diarioregionaldigital.com.br\/index.php?rest_route=\/wp\/v2\/posts"}],"about":[{"href":"https:\/\/diarioregionaldigital.com.br\/index.php?rest_route=\/wp\/v2\/types\/post"}],"author":[{"embeddable":true,"href":"https:\/\/diarioregionaldigital.com.br\/index.php?rest_route=\/wp\/v2\/users\/96"}],"replies":[{"embeddable":true,"href":"https:\/\/diarioregionaldigital.com.br\/index.php?rest_route=%2Fwp%2Fv2%2Fcomments&post=124526"}],"version-history":[{"count":0,"href":"https:\/\/diarioregionaldigital.com.br\/index.php?rest_route=\/wp\/v2\/posts\/124526\/revisions"}],"wp:featuredmedia":[{"embeddable":true,"href":"https:\/\/diarioregionaldigital.com.br\/index.php?rest_route=\/wp\/v2\/media\/124529"}],"wp:attachment":[{"href":"https:\/\/diarioregionaldigital.com.br\/index.php?rest_route=%2Fwp%2Fv2%2Fmedia&parent=124526"}],"wp:term":[{"taxonomy":"category","embeddable":true,"href":"https:\/\/diarioregionaldigital.com.br\/index.php?rest_route=%2Fwp%2Fv2%2Fcategories&post=124526"},{"taxonomy":"post_tag","embeddable":true,"href":"https:\/\/diarioregionaldigital.com.br\/index.php?rest_route=%2Fwp%2Fv2%2Ftags&post=124526"}],"curies":[{"name":"wp","href":"https:\/\/api.w.org\/{rel}","templated":true}]}}