{"id":124504,"date":"2018-10-31T16:21:54","date_gmt":"2018-10-31T18:21:54","guid":{"rendered":"https:\/\/diarioregionaldigital.com.br\/?p=124504"},"modified":"2018-10-31T16:21:54","modified_gmt":"2018-10-31T18:21:54","slug":"diego-alves-torce-o-joelho-direito-em-treino-do-flamengo","status":"publish","type":"post","link":"https:\/\/diarioregionaldigital.com.br\/?p=124504","title":{"rendered":"Diego Alves torce o joelho direito em treino do Flamengo"},"content":{"rendered":"<p>Diego Alves segue perto da m\u00e1 fase no Flamengo. Depois de se recusar a ficar no banco de reservas para C\u00e9sar e ser punido pela diretoria da equipe carioca,\u00a0mas mantido no elenco, o goleiro sofreu uma entorse no joelho direito. De acordo com os rubro-negros, o arqueiro j\u00e1 iniciou tratamento e n\u00e3o tem previs\u00e3o de retorno aos gramados.<\/p>\n<p>O goleiro flamenguista se reapresentou junto do restante do elenco nesta ter\u00e7a-feira, no Ninho do Urubu, mas logo deixou as atividades devido \u00e0 les\u00e3o.<\/p>\n<p>Ao saber que seria o reserva de C\u00e9sar na partida diante do Paran\u00e1, \u00a0 o arqueiro do Flamengo ficou revoltado com a decis\u00e3o da comiss\u00e3o t\u00e9cnica e pediu para ser retirado da delega\u00e7\u00e3o que viajou para a capital paranaense. O fato causou mal estar no clube da G\u00e1vea.<\/p>\n<p>Recentemente,\u00a0Diego Alves teve seu nome veiculado ao S\u00e3o Paulo, clube que monitora a situa\u00e7\u00e3o do atleta na equipe carioca.<\/p>\n<p>&nbsp;<\/p>\n","protected":false},"excerpt":{"rendered":"<p>Diego Alves segue perto da m\u00e1 fase no Flamengo. Depois de se recusar a ficar no banco de reservas para C\u00e9sar e ser punido pela diretoria da equipe carioca,\u00a0mas mantido no elenco, o goleiro sofreu uma entorse no joelho direito. De acordo com os rubro-negros, o arqueiro j\u00e1 iniciou tratamento e n\u00e3o tem previs\u00e3o de [&hellip;]<\/p>\n","protected":false},"author":96,"featured_media":124506,"comment_status":"closed","ping_status":"closed","sticky":false,"template":"","format":"standard","meta":{"footnotes":""},"categories":[257,439],"tags":[],"class_list":["post-124504","post","type-post","status-publish","format-standard","has-post-thumbnail","hentry","category-esporte","category-ultima-hora"],"_links":{"self":[{"href":"https:\/\/diarioregionaldigital.com.br\/index.php?rest_route=\/wp\/v2\/posts\/124504","targetHints":{"allow":["GET"]}}],"collection":[{"href":"https:\/\/diarioregionaldigital.com.br\/index.php?rest_route=\/wp\/v2\/posts"}],"about":[{"href":"https:\/\/diarioregionaldigital.com.br\/index.php?rest_route=\/wp\/v2\/types\/post"}],"author":[{"embeddable":true,"href":"https:\/\/diarioregionaldigital.com.br\/index.php?rest_route=\/wp\/v2\/users\/96"}],"replies":[{"embeddable":true,"href":"https:\/\/diarioregionaldigital.com.br\/index.php?rest_route=%2Fwp%2Fv2%2Fcomments&post=124504"}],"version-history":[{"count":0,"href":"https:\/\/diarioregionaldigital.com.br\/index.php?rest_route=\/wp\/v2\/posts\/124504\/revisions"}],"wp:featuredmedia":[{"embeddable":true,"href":"https:\/\/diarioregionaldigital.com.br\/index.php?rest_route=\/wp\/v2\/media\/124506"}],"wp:attachment":[{"href":"https:\/\/diarioregionaldigital.com.br\/index.php?rest_route=%2Fwp%2Fv2%2Fmedia&parent=124504"}],"wp:term":[{"taxonomy":"category","embeddable":true,"href":"https:\/\/diarioregionaldigital.com.br\/index.php?rest_route=%2Fwp%2Fv2%2Fcategories&post=124504"},{"taxonomy":"post_tag","embeddable":true,"href":"https:\/\/diarioregionaldigital.com.br\/index.php?rest_route=%2Fwp%2Fv2%2Ftags&post=124504"}],"curies":[{"name":"wp","href":"https:\/\/api.w.org\/{rel}","templated":true}]}}