{"id":124501,"date":"2018-10-31T16:19:04","date_gmt":"2018-10-31T18:19:04","guid":{"rendered":"https:\/\/diarioregionaldigital.com.br\/?p=124501"},"modified":"2018-10-31T16:19:04","modified_gmt":"2018-10-31T18:19:04","slug":"vem-ai-o-modulo-ii-fases-finais-terao-transmissao-via-web","status":"publish","type":"post","link":"https:\/\/diarioregionaldigital.com.br\/?p=124501","title":{"rendered":"Vem a\u00ed o M\u00f3dulo II &#8211; fases finais ter\u00e3o transmiss\u00e3o via web"},"content":{"rendered":"<p>A reuni\u00e3o do Conselho T\u00e9cnico para definir detalhes sobre o M\u00f3dulo II 2019 foi realizada na tarde do dia 30 de outubro, no 2\u00b0 andar da sede da FMF. Estiveram presentes representantes de todos os clubes \u2013 Democrata-GV, Uberl\u00e2ndia, Uberaba, Am\u00e9rica-TO, Serranense (antigo Betinense), Democrata-SL, Tricordiano, Nacional de Muria\u00e9, Ipatinga, CAp Uberl\u00e2ndia e os rec\u00e9m promovidos Coimbra e Athletic, que disputaram a final da Segunda Divis\u00e3o.<\/p>\n<p>Conduzido pelo Presidente da FMF, Adriano Aro, o arbitral indicou os caminhos para a competi\u00e7\u00e3o do ano que vem:<\/p>\n<p><strong>REGULAMENTO<\/strong><\/p>\n<p><strong><br \/>\n<\/strong>Em obedi\u00eancia ao Estatuto do Torcedor (altera\u00e7\u00f5es na f\u00f3rmula de disputa s\u00f3 podem ocorrer ap\u00f3s 2 anos com mesmo formato), o campeonato ter\u00e1 o mesmo modelo de 2018, com 12 equipes se enfrentando em turno \u00fanico e classifica\u00e7\u00e3o dos 4 melhores para a fase semifinal.<\/p>\n<p>&nbsp;<\/p>\n<p><strong>CALEND\u00c1RIO<\/p>\n<p><\/strong><\/p>\n<p>Todos os jogos da competi\u00e7\u00e3o ser\u00e3o disputados aos finais de semana, para facilitar o deslocamento, a recupera\u00e7\u00e3o e a prepara\u00e7\u00e3o das equipes. A \u00fanica exce\u00e7\u00e3o ser\u00e1 a disputa das finais, quando os clubes j\u00e1 promovidos ao M\u00f3dulo I se enfrentar\u00e3o em um meio de semana, no jogo de ida.<\/p>\n<p><strong>IN\u00cdCIO E T\u00c9RMINO<\/strong><\/p>\n<p>O campeonato ter\u00e1 rodada inicial no dia 09 de fevereiro de 2019, e a final ser\u00e1 disputada no dia 11 de maio de 2019.<\/p>\n<p>&nbsp;<\/p>\n<p><strong>INSCRI\u00c7\u00c3O DE ATLETAS<\/strong><\/p>\n<p>&nbsp;<\/p>\n<p>Cada clube poder\u00e1 inscrever at\u00e9 30 jogadores, obedecendo a data limite de 26 de abril, com idade m\u00e1xima de 24 anos. Ser\u00e3o permitidas inscri\u00e7\u00f5es de at\u00e9 7 atletas acima dessa idade, por equipe.<\/p>\n<p>&nbsp;<\/p>\n<p><strong>EST\u00c1DIOS<\/p>\n<p><\/strong><\/p>\n<p>Os est\u00e1dios dever\u00e3o emitir laudo com libera\u00e7\u00e3o para utiliza\u00e7\u00e3o no Campeonato Mineiro &#8211; M\u00f3dulo II at\u00e9 o dia 25 de janeiro de 2019.<\/p>\n<p>&nbsp;<\/p>\n<p><strong>TRANSMISS\u00c3O<\/p>\n<p><\/strong><\/p>\n<p>A Federa\u00e7\u00e3o Mineira de Futebol, visando difundir o futebol mineiro e valorizar o M\u00f3dulo II, far\u00e1 transmiss\u00e3o via internet dos jogos das semifinais e das finais.<\/p>\n<p>&nbsp;<\/p>\n<p><strong>Fonte: FMF<\/strong><\/p>\n<p><strong>\u00a0<\/strong><\/p>\n","protected":false},"excerpt":{"rendered":"<p>A reuni\u00e3o do Conselho T\u00e9cnico para definir detalhes sobre o M\u00f3dulo II 2019 foi realizada na tarde do dia 30 de outubro, no 2\u00b0 andar da sede da FMF. Estiveram presentes representantes de todos os clubes \u2013 Democrata-GV, Uberl\u00e2ndia, Uberaba, Am\u00e9rica-TO, Serranense (antigo Betinense), Democrata-SL, Tricordiano, Nacional de Muria\u00e9, Ipatinga, CAp Uberl\u00e2ndia e os rec\u00e9m [&hellip;]<\/p>\n","protected":false},"author":96,"featured_media":124502,"comment_status":"closed","ping_status":"closed","sticky":false,"template":"","format":"standard","meta":{"footnotes":""},"categories":[257,439],"tags":[],"class_list":["post-124501","post","type-post","status-publish","format-standard","has-post-thumbnail","hentry","category-esporte","category-ultima-hora"],"_links":{"self":[{"href":"https:\/\/diarioregionaldigital.com.br\/index.php?rest_route=\/wp\/v2\/posts\/124501","targetHints":{"allow":["GET"]}}],"collection":[{"href":"https:\/\/diarioregionaldigital.com.br\/index.php?rest_route=\/wp\/v2\/posts"}],"about":[{"href":"https:\/\/diarioregionaldigital.com.br\/index.php?rest_route=\/wp\/v2\/types\/post"}],"author":[{"embeddable":true,"href":"https:\/\/diarioregionaldigital.com.br\/index.php?rest_route=\/wp\/v2\/users\/96"}],"replies":[{"embeddable":true,"href":"https:\/\/diarioregionaldigital.com.br\/index.php?rest_route=%2Fwp%2Fv2%2Fcomments&post=124501"}],"version-history":[{"count":0,"href":"https:\/\/diarioregionaldigital.com.br\/index.php?rest_route=\/wp\/v2\/posts\/124501\/revisions"}],"wp:featuredmedia":[{"embeddable":true,"href":"https:\/\/diarioregionaldigital.com.br\/index.php?rest_route=\/wp\/v2\/media\/124502"}],"wp:attachment":[{"href":"https:\/\/diarioregionaldigital.com.br\/index.php?rest_route=%2Fwp%2Fv2%2Fmedia&parent=124501"}],"wp:term":[{"taxonomy":"category","embeddable":true,"href":"https:\/\/diarioregionaldigital.com.br\/index.php?rest_route=%2Fwp%2Fv2%2Fcategories&post=124501"},{"taxonomy":"post_tag","embeddable":true,"href":"https:\/\/diarioregionaldigital.com.br\/index.php?rest_route=%2Fwp%2Fv2%2Ftags&post=124501"}],"curies":[{"name":"wp","href":"https:\/\/api.w.org\/{rel}","templated":true}]}}