{"id":124496,"date":"2018-10-31T16:17:27","date_gmt":"2018-10-31T18:17:27","guid":{"rendered":"https:\/\/diarioregionaldigital.com.br\/?p=124496"},"modified":"2018-10-31T16:17:27","modified_gmt":"2018-10-31T18:17:27","slug":"ze-ricardo-pede-ajuda-da-torcida-na-luta-contra-o-rebaixamento","status":"publish","type":"post","link":"https:\/\/diarioregionaldigital.com.br\/?p=124496","title":{"rendered":"Z\u00e9 Ricardo pede ajuda da torcida na luta contra o rebaixamento"},"content":{"rendered":"<p>O\u00a0 Botafogo\u00a0perdeu por 2 a 1, de virada, para o Atl\u00e9tico Paranaense, na noite deste s\u00e1bado, na Arena da Baixada, em duelo v\u00e1lido pela 31\u00aa rodada do\u00a0 Campeonato Brasileiro. O resultado colocou o Alvinegro carioca em uma situa\u00e7\u00e3o mais dif\u00edcil na tabela de classifica\u00e7\u00e3o. Com 35 pontos, a equipe ocupa a 14\u00aa posi\u00e7\u00e3o, e est\u00e1 apenas um ponto \u00e0 frente da Chapecoense, primeira equipe dentro do Z4, o grupo que ser\u00e1 rebaixado para a S\u00e9rie B.<\/p>\n<p>Podendo ainda ser ultrapassado na tabela pelo 15\u00ba colocado Cear\u00e1, que recebe o Atl\u00e9tico Mineiro no encerramento da rodada nesta segunda-feira, as chances de rebaixamento do Botafogo aumentaram significativamente. Segundo o matem\u00e1tico Trist\u00e3o Garcia, as chances de queda subiram de 21 para 29%. J\u00e1 o\u00a0Chance de Gol\u00a0viu um crescimento de 28,4 para 35,5%, enquanto o site\u00a0FiveThirtyEight, utilizado pela\u00a0ESPN, aponta a subida de 19 para 25%.<\/p>\n<p>Em sua entrevista ap\u00f3s a partida em Curitiba, o t\u00e9cnico Z\u00e9 Ricardo reconheceu que o momento \u00e9 delicado, e prometeu muito trabalho durante a semana. O Botafogo enfrenta o Corinthians no Rio de Janeiro, no pr\u00f3ximo domingo, 4, \u00a0em uma partida contra outra equipe que est\u00e1 amea\u00e7ada. Mesmo com 39 pontos em 11\u00ba lugar, o Tim\u00e3o n\u00e3o est\u00e1 livre de ser rebaixado.<\/p>\n<p>\u201cUm momento dif\u00edcil para a gente e vamos trabalhar muito na semana\u201d, disse Z\u00e9 Ricardo, que aproveitou para pedir o apoio da torcida no Nilton Santos. \u201cA torcida \u00e9 muito importante no jogo de domingo, e precisa saber que nos ajuda muito. Ser\u00e1 fundamental a presen\u00e7a deles,\u201d pediu o treinador.<\/p>\n<p>Fonte: Gazeta Press<\/p>\n","protected":false},"excerpt":{"rendered":"<p>O\u00a0 Botafogo\u00a0perdeu por 2 a 1, de virada, para o Atl\u00e9tico Paranaense, na noite deste s\u00e1bado, na Arena da Baixada, em duelo v\u00e1lido pela 31\u00aa rodada do\u00a0 Campeonato Brasileiro. O resultado colocou o Alvinegro carioca em uma situa\u00e7\u00e3o mais dif\u00edcil na tabela de classifica\u00e7\u00e3o. Com 35 pontos, a equipe ocupa a 14\u00aa posi\u00e7\u00e3o, e est\u00e1 [&hellip;]<\/p>\n","protected":false},"author":96,"featured_media":124497,"comment_status":"closed","ping_status":"closed","sticky":false,"template":"","format":"standard","meta":{"footnotes":""},"categories":[257,439],"tags":[],"class_list":["post-124496","post","type-post","status-publish","format-standard","has-post-thumbnail","hentry","category-esporte","category-ultima-hora"],"_links":{"self":[{"href":"https:\/\/diarioregionaldigital.com.br\/index.php?rest_route=\/wp\/v2\/posts\/124496","targetHints":{"allow":["GET"]}}],"collection":[{"href":"https:\/\/diarioregionaldigital.com.br\/index.php?rest_route=\/wp\/v2\/posts"}],"about":[{"href":"https:\/\/diarioregionaldigital.com.br\/index.php?rest_route=\/wp\/v2\/types\/post"}],"author":[{"embeddable":true,"href":"https:\/\/diarioregionaldigital.com.br\/index.php?rest_route=\/wp\/v2\/users\/96"}],"replies":[{"embeddable":true,"href":"https:\/\/diarioregionaldigital.com.br\/index.php?rest_route=%2Fwp%2Fv2%2Fcomments&post=124496"}],"version-history":[{"count":0,"href":"https:\/\/diarioregionaldigital.com.br\/index.php?rest_route=\/wp\/v2\/posts\/124496\/revisions"}],"wp:featuredmedia":[{"embeddable":true,"href":"https:\/\/diarioregionaldigital.com.br\/index.php?rest_route=\/wp\/v2\/media\/124497"}],"wp:attachment":[{"href":"https:\/\/diarioregionaldigital.com.br\/index.php?rest_route=%2Fwp%2Fv2%2Fmedia&parent=124496"}],"wp:term":[{"taxonomy":"category","embeddable":true,"href":"https:\/\/diarioregionaldigital.com.br\/index.php?rest_route=%2Fwp%2Fv2%2Fcategories&post=124496"},{"taxonomy":"post_tag","embeddable":true,"href":"https:\/\/diarioregionaldigital.com.br\/index.php?rest_route=%2Fwp%2Fv2%2Ftags&post=124496"}],"curies":[{"name":"wp","href":"https:\/\/api.w.org\/{rel}","templated":true}]}}