{"id":124493,"date":"2018-10-31T16:14:47","date_gmt":"2018-10-31T18:14:47","guid":{"rendered":"https:\/\/diarioregionaldigital.com.br\/?p=124493"},"modified":"2018-10-31T16:14:47","modified_gmt":"2018-10-31T18:14:47","slug":"aposta-do-boxe-bia-ferreira-comenta-sonho-para-toquio-2020","status":"publish","type":"post","link":"https:\/\/diarioregionaldigital.com.br\/?p=124493","title":{"rendered":"Aposta do boxe, Bia Ferreira comenta sonho para T\u00f3quio 2020"},"content":{"rendered":"<p>Beatriz Ferreira, que j\u00e1 conquistou o ouro\u00a0nos Jogos Sul-Americanos de Cochabamba\u00a0 e diversas medalhas em 2018, compartilhou os anseios em ser a aposta do boxe brasileiro para os Jogos Ol\u00edmpicos de T\u00f3quio 2020.<\/p>\n<p>\u201cEstou bem focada e levo como um incentivo, uma for\u00e7a. Eu estou defendendo o meu pa\u00eds, e isso me d\u00e1 for\u00e7a. N\u00e3o \u00e9 s\u00f3 a minha vontade, eu estou levando a vontade de muita gente. Eu estou bem, estou com muita garra, acreditando em mim\u201d, completou.<\/p>\n<p>Na Rio 2016, Bia foi convidada a compor um seleto grupo de 20 atletas no projeto Viv\u00eancia Ol\u00edmpica, do Comit\u00ea Ol\u00edmpico do Brasil (COB), que visava preparar uma gera\u00e7\u00e3o com chances de competir em T\u00f3quio 2020. Antecipar a experi\u00eancia em um ambiente ol\u00edmpico foi fundamental para a confian\u00e7a da atleta.<\/p>\n<p>\u201cA gente teve palestras, conhecemos v\u00e1rios atletas que estavam participando da Olimp\u00edada, conhecemos a Vila, conhecemos a Casa Jap\u00e3o\u2026 A gente conviveu com eles o nervosismo, recebemos roupa, como se a gente tivesse competindo\u201d, relembrou.<\/p>\n<p>Al\u00e9m de Bia,\u00a0Emily Rosa Figueiredo (levantamento de peso), Jo\u00edlson de Brito Ramos J\u00fanior (luta greco-romana), Maria Paula Mangabeira Heitmann (nata\u00e7\u00e3o), Marcelo da Silva Costa Filho (tiro com arco) e Gabriel Bastos Pereira (vela), Andrea Santos de Oliveira (canoagem velocidade), Anderson Ezequiel de Souza Filho (ciclismo BMX), Gabriela Paczko Bozko Cecchini (esgrima), \u00c2ngelo Dias de Assump\u00e7\u00e3o e Tha\u00eds Fid\u00e9lis dos Santos (gin\u00e1stica art\u00edstica), Nath\u00e1lia Castelan Brigida e Rafael Godoy de Macedo (jud\u00f4), Felipe Ribeiro de Souza (nata\u00e7\u00e3o), Edival Marques Quirino Pontes (taekwondo), Manoel Messias dos Santos J\u00fanior (triatlo), Eduarda Santos Lisboa e Ana Patr\u00edcia Silva Ramos (v\u00f4lei de praia), Mikael de Jesus e Paulo Andr\u00e9 Oliveira (atletismo) participaram do projeto.<\/p>\n<p>\u201cDepois que eu participei do Viv\u00eancia, em 2017 tudo mudou. Eu tinha um objetivo tra\u00e7ado, eu queria aquilo ali, eu queria participar de uma Olimp\u00edada\u201d, acrescentou Bia.<\/p>\n<p><strong>Boxe em T\u00f3quio 2020?<\/strong><\/p>\n<p>Com a Associa\u00e7\u00e3o Internacional de Boxe (AIBA) enfrentando problemas de gest\u00e3o, o Comit\u00ea Ol\u00edmpico Internacional (COI) voltou a abordar a\u00a0 possibilidade da modalidade ser exclu\u00edda dos jogos Ol\u00edmpicos de T\u00f3quio em 2020. O fato espanta os atletas, que vivem em fun\u00e7\u00e3o dessa ambi\u00e7\u00e3o.<\/p>\n<p>\u201cNo in\u00edcio, quando a gente soube, ficamos assustados, com medo, porque o sonho de todo atleta \u00e9 participar de uma Olimp\u00edada. Se o boxe sai, eu acho que muita gente vai ter que parar, porque n\u00e3o vai ter verba para nada e vamos ter que fazer outra coisa\u201d, analisou Bia Ferreira.<\/p>\n<p>\u201cMas a comiss\u00e3o falou que n\u00e3o \u00e9 para a gente se preocupar, que \u00e9 para continuar focado, para n\u00e3o deixar isso atrapalhar o nosso treino. Ent\u00e3o n\u00e3o estamos pensando nisso, vamos deixar eles resolverem\u201d, completou.<\/p>\n<p><strong>Fonte: Gazeta Press<\/strong><\/p>\n<p><strong>\u00a0<\/strong><\/p>\n","protected":false},"excerpt":{"rendered":"<p>Beatriz Ferreira, que j\u00e1 conquistou o ouro\u00a0nos Jogos Sul-Americanos de Cochabamba\u00a0 e diversas medalhas em 2018, compartilhou os anseios em ser a aposta do boxe brasileiro para os Jogos Ol\u00edmpicos de T\u00f3quio 2020. \u201cEstou bem focada e levo como um incentivo, uma for\u00e7a. Eu estou defendendo o meu pa\u00eds, e isso me d\u00e1 for\u00e7a. N\u00e3o [&hellip;]<\/p>\n","protected":false},"author":96,"featured_media":124494,"comment_status":"closed","ping_status":"closed","sticky":false,"template":"","format":"standard","meta":{"footnotes":""},"categories":[257,439],"tags":[],"class_list":["post-124493","post","type-post","status-publish","format-standard","has-post-thumbnail","hentry","category-esporte","category-ultima-hora"],"_links":{"self":[{"href":"https:\/\/diarioregionaldigital.com.br\/index.php?rest_route=\/wp\/v2\/posts\/124493","targetHints":{"allow":["GET"]}}],"collection":[{"href":"https:\/\/diarioregionaldigital.com.br\/index.php?rest_route=\/wp\/v2\/posts"}],"about":[{"href":"https:\/\/diarioregionaldigital.com.br\/index.php?rest_route=\/wp\/v2\/types\/post"}],"author":[{"embeddable":true,"href":"https:\/\/diarioregionaldigital.com.br\/index.php?rest_route=\/wp\/v2\/users\/96"}],"replies":[{"embeddable":true,"href":"https:\/\/diarioregionaldigital.com.br\/index.php?rest_route=%2Fwp%2Fv2%2Fcomments&post=124493"}],"version-history":[{"count":0,"href":"https:\/\/diarioregionaldigital.com.br\/index.php?rest_route=\/wp\/v2\/posts\/124493\/revisions"}],"wp:featuredmedia":[{"embeddable":true,"href":"https:\/\/diarioregionaldigital.com.br\/index.php?rest_route=\/wp\/v2\/media\/124494"}],"wp:attachment":[{"href":"https:\/\/diarioregionaldigital.com.br\/index.php?rest_route=%2Fwp%2Fv2%2Fmedia&parent=124493"}],"wp:term":[{"taxonomy":"category","embeddable":true,"href":"https:\/\/diarioregionaldigital.com.br\/index.php?rest_route=%2Fwp%2Fv2%2Fcategories&post=124493"},{"taxonomy":"post_tag","embeddable":true,"href":"https:\/\/diarioregionaldigital.com.br\/index.php?rest_route=%2Fwp%2Fv2%2Ftags&post=124493"}],"curies":[{"name":"wp","href":"https:\/\/api.w.org\/{rel}","templated":true}]}}