{"id":124486,"date":"2018-10-31T16:07:00","date_gmt":"2018-10-31T18:07:00","guid":{"rendered":"https:\/\/diarioregionaldigital.com.br\/?p=124486"},"modified":"2018-10-31T16:07:00","modified_gmt":"2018-10-31T18:07:00","slug":"transito-e-alterado-na-regiao-dos-cemiterios-municipal-e-parque-da-saudade","status":"publish","type":"post","link":"https:\/\/diarioregionaldigital.com.br\/?p=124486","title":{"rendered":"Tr\u00e2nsito \u00e9 alterado na regi\u00e3o dos cemit\u00e9rios Municipal e Parque da Saudade"},"content":{"rendered":"<p>A partir desta quinta-feira, 1\u00ba de novembro, a Secretaria de Transporte e Tr\u00e2nsito (Settra) da Prefeitura de Juiz de Fora (PJF) interditar\u00e1 algumas vias dos bairros Po\u00e7o Rico e Santa Terezinha. As altera\u00e7\u00f5es acontecer\u00e3o em decorr\u00eancia do \u201cDia de Finados\u201d, na sexta-feira, 2.<\/p>\n<p>A partir das 22 horas desta quinta-feira, o acesso ao Cemit\u00e9rio Municipal, no Bairro Po\u00e7o Rico, ter\u00e1 modifica\u00e7\u00f5es, para seguran\u00e7a dos visitantes. A Rua Os\u00f3rio de Almeida, entre a al\u00e7a da Pra\u00e7a da Rep\u00fablica e a Rua Viscondessa de Cavalcanti, ser\u00e1 interditada totalmente. Dessa forma, o contorno da pra\u00e7a ser\u00e1 em m\u00e3o dupla.<\/p>\n<p>No Bairro Santa Terezinha, as altera\u00e7\u00f5es acontecer\u00e3o somente no feriado, nas proximidades do Cemit\u00e9rio Parque da Saudade. A Avenida Alencar Trist\u00e3o, entre a Rui Barbosa e a Pra\u00e7a Santos Marc\u00e3o, funcionar\u00e1 em m\u00e3o \u00fanica, neste sentido. Para chegar ao cemit\u00e9rio, os ve\u00edculos que vir\u00e3o do Bandeirantes e adjac\u00eancias dever\u00e3o seguir pela Rua Gr\u00e3o Mogol (Ponte Vermelha), Avenida Rui Barbosa, ruas Santa Terezinha, Doutor Jos\u00e9 Eutr\u00f3pio e Humberto de Campos e Avenida Alencar Trist\u00e3o.<\/p>\n<p>&nbsp;<\/p>\n<p>Fonte: Assessoria\/ PJF<\/p>\n","protected":false},"excerpt":{"rendered":"<p>A partir desta quinta-feira, 1\u00ba de novembro, a Secretaria de Transporte e Tr\u00e2nsito (Settra) da Prefeitura de Juiz de Fora (PJF) interditar\u00e1 algumas vias dos bairros Po\u00e7o Rico e Santa Terezinha. As altera\u00e7\u00f5es acontecer\u00e3o em decorr\u00eancia do \u201cDia de Finados\u201d, na sexta-feira, 2. A partir das 22 horas desta quinta-feira, o acesso ao Cemit\u00e9rio Municipal, [&hellip;]<\/p>\n","protected":false},"author":96,"featured_media":112697,"comment_status":"closed","ping_status":"closed","sticky":false,"template":"","format":"standard","meta":{"footnotes":""},"categories":[253,439],"tags":[],"class_list":["post-124486","post","type-post","status-publish","format-standard","has-post-thumbnail","hentry","category-cidade","category-ultima-hora"],"_links":{"self":[{"href":"https:\/\/diarioregionaldigital.com.br\/index.php?rest_route=\/wp\/v2\/posts\/124486","targetHints":{"allow":["GET"]}}],"collection":[{"href":"https:\/\/diarioregionaldigital.com.br\/index.php?rest_route=\/wp\/v2\/posts"}],"about":[{"href":"https:\/\/diarioregionaldigital.com.br\/index.php?rest_route=\/wp\/v2\/types\/post"}],"author":[{"embeddable":true,"href":"https:\/\/diarioregionaldigital.com.br\/index.php?rest_route=\/wp\/v2\/users\/96"}],"replies":[{"embeddable":true,"href":"https:\/\/diarioregionaldigital.com.br\/index.php?rest_route=%2Fwp%2Fv2%2Fcomments&post=124486"}],"version-history":[{"count":0,"href":"https:\/\/diarioregionaldigital.com.br\/index.php?rest_route=\/wp\/v2\/posts\/124486\/revisions"}],"wp:featuredmedia":[{"embeddable":true,"href":"https:\/\/diarioregionaldigital.com.br\/index.php?rest_route=\/wp\/v2\/media\/112697"}],"wp:attachment":[{"href":"https:\/\/diarioregionaldigital.com.br\/index.php?rest_route=%2Fwp%2Fv2%2Fmedia&parent=124486"}],"wp:term":[{"taxonomy":"category","embeddable":true,"href":"https:\/\/diarioregionaldigital.com.br\/index.php?rest_route=%2Fwp%2Fv2%2Fcategories&post=124486"},{"taxonomy":"post_tag","embeddable":true,"href":"https:\/\/diarioregionaldigital.com.br\/index.php?rest_route=%2Fwp%2Fv2%2Ftags&post=124486"}],"curies":[{"name":"wp","href":"https:\/\/api.w.org\/{rel}","templated":true}]}}