{"id":124483,"date":"2018-10-31T15:17:44","date_gmt":"2018-10-31T17:17:44","guid":{"rendered":"https:\/\/diarioregionaldigital.com.br\/?p=124483"},"modified":"2018-10-31T15:17:44","modified_gmt":"2018-10-31T17:17:44","slug":"ponto-final-de-tres-linhas-de-onibus-sao-deslocados","status":"publish","type":"post","link":"https:\/\/diarioregionaldigital.com.br\/?p=124483","title":{"rendered":"Ponto final de tr\u00eas linhas de \u00f4nibus s\u00e3o deslocados"},"content":{"rendered":"<p>Diariamente, a partir das 21 horas, o ponto final de tr\u00eas linhas do transporte coletivo urbano ser\u00e1 deslocado: o da \u201c413- Bom Jardim\u201d passar\u00e1 para a Rua Romeu Pastori, pr\u00f3ximo ao n\u00famero 447; o da \u201c531- Nova Calif\u00f3rnia\u201d, para a Rua Nestor Vasconcelos Neto, 190; e o da \u201c615 \u2013 Encosta do Sol\u201d, para a Rua Engenheiro Reginaldo Arcuri, 307.<\/p>\n<p>A mudan\u00e7a vale a partir desta quinta-feira, 1\u00ba de novembro, e foi adotada pela Secretaria de Transporte e Tr\u00e2nsito (Settra), da Prefeitura de Juiz de Fora (PJF), para melhor atender \u00e0 comunidade.<\/p>\n<p>&nbsp;<\/p>\n<p>Fonte: Assessoria\/ PJF<\/p>\n","protected":false},"excerpt":{"rendered":"<p>Diariamente, a partir das 21 horas, o ponto final de tr\u00eas linhas do transporte coletivo urbano ser\u00e1 deslocado: o da \u201c413- Bom Jardim\u201d passar\u00e1 para a Rua Romeu Pastori, pr\u00f3ximo ao n\u00famero 447; o da \u201c531- Nova Calif\u00f3rnia\u201d, para a Rua Nestor Vasconcelos Neto, 190; e o da \u201c615 \u2013 Encosta do Sol\u201d, para a [&hellip;]<\/p>\n","protected":false},"author":96,"featured_media":117573,"comment_status":"closed","ping_status":"closed","sticky":false,"template":"","format":"standard","meta":{"footnotes":""},"categories":[253,439],"tags":[],"class_list":["post-124483","post","type-post","status-publish","format-standard","has-post-thumbnail","hentry","category-cidade","category-ultima-hora"],"_links":{"self":[{"href":"https:\/\/diarioregionaldigital.com.br\/index.php?rest_route=\/wp\/v2\/posts\/124483","targetHints":{"allow":["GET"]}}],"collection":[{"href":"https:\/\/diarioregionaldigital.com.br\/index.php?rest_route=\/wp\/v2\/posts"}],"about":[{"href":"https:\/\/diarioregionaldigital.com.br\/index.php?rest_route=\/wp\/v2\/types\/post"}],"author":[{"embeddable":true,"href":"https:\/\/diarioregionaldigital.com.br\/index.php?rest_route=\/wp\/v2\/users\/96"}],"replies":[{"embeddable":true,"href":"https:\/\/diarioregionaldigital.com.br\/index.php?rest_route=%2Fwp%2Fv2%2Fcomments&post=124483"}],"version-history":[{"count":0,"href":"https:\/\/diarioregionaldigital.com.br\/index.php?rest_route=\/wp\/v2\/posts\/124483\/revisions"}],"wp:featuredmedia":[{"embeddable":true,"href":"https:\/\/diarioregionaldigital.com.br\/index.php?rest_route=\/wp\/v2\/media\/117573"}],"wp:attachment":[{"href":"https:\/\/diarioregionaldigital.com.br\/index.php?rest_route=%2Fwp%2Fv2%2Fmedia&parent=124483"}],"wp:term":[{"taxonomy":"category","embeddable":true,"href":"https:\/\/diarioregionaldigital.com.br\/index.php?rest_route=%2Fwp%2Fv2%2Fcategories&post=124483"},{"taxonomy":"post_tag","embeddable":true,"href":"https:\/\/diarioregionaldigital.com.br\/index.php?rest_route=%2Fwp%2Fv2%2Ftags&post=124483"}],"curies":[{"name":"wp","href":"https:\/\/api.w.org\/{rel}","templated":true}]}}