{"id":124479,"date":"2018-10-31T14:13:34","date_gmt":"2018-10-31T16:13:34","guid":{"rendered":"https:\/\/diarioregionaldigital.com.br\/?p=124479"},"modified":"2018-10-31T14:13:34","modified_gmt":"2018-10-31T16:13:34","slug":"petrobras-anuncia-reducao-de-084-no-preco-da-gasolina-nas-refinarias","status":"publish","type":"post","link":"https:\/\/diarioregionaldigital.com.br\/?p=124479","title":{"rendered":"Petrobras anuncia redu\u00e7\u00e3o de 0,84% no pre\u00e7o da gasolina nas refinarias"},"content":{"rendered":"<p>A Petrobras anunciou\u00a0nessa quarta-feira, 31, uma nova redu\u00e7\u00e3o no pre\u00e7o da gasolina nas refinarias. Desta vez, a queda anunciada \u00e9 de 0,84%. Com isso, o litro do combust\u00edvel passar\u00e1 a ser comercializado a R$1,8466 a partir desta quinta-feira, 1\u00ba.<\/p>\n<p>Esta \u00e9 a d\u00e9cima redu\u00e7\u00e3o consecutiva do pre\u00e7o do combust\u00edvel, desde que ele atingiu R$2,2514 em setembro. A queda acumulada desde\u00a025 de setembro\u00a0(quando o pre\u00e7o come\u00e7ou a recuar) chega a 17,98%, ou seja, 40 centavos por litro.<\/p>\n<p>&nbsp;<\/p>\n<p>Fonte: Ag\u00eancia Brasil<\/p>\n","protected":false},"excerpt":{"rendered":"<p>A Petrobras anunciou\u00a0nessa quarta-feira, 31, uma nova redu\u00e7\u00e3o no pre\u00e7o da gasolina nas refinarias. Desta vez, a queda anunciada \u00e9 de 0,84%. Com isso, o litro do combust\u00edvel passar\u00e1 a ser comercializado a R$1,8466 a partir desta quinta-feira, 1\u00ba. Esta \u00e9 a d\u00e9cima redu\u00e7\u00e3o consecutiva do pre\u00e7o do combust\u00edvel, desde que ele atingiu R$2,2514 em [&hellip;]<\/p>\n","protected":false},"author":96,"featured_media":104964,"comment_status":"closed","ping_status":"closed","sticky":false,"template":"","format":"standard","meta":{"footnotes":""},"categories":[261,439],"tags":[],"class_list":["post-124479","post","type-post","status-publish","format-standard","has-post-thumbnail","hentry","category-economia","category-ultima-hora"],"_links":{"self":[{"href":"https:\/\/diarioregionaldigital.com.br\/index.php?rest_route=\/wp\/v2\/posts\/124479","targetHints":{"allow":["GET"]}}],"collection":[{"href":"https:\/\/diarioregionaldigital.com.br\/index.php?rest_route=\/wp\/v2\/posts"}],"about":[{"href":"https:\/\/diarioregionaldigital.com.br\/index.php?rest_route=\/wp\/v2\/types\/post"}],"author":[{"embeddable":true,"href":"https:\/\/diarioregionaldigital.com.br\/index.php?rest_route=\/wp\/v2\/users\/96"}],"replies":[{"embeddable":true,"href":"https:\/\/diarioregionaldigital.com.br\/index.php?rest_route=%2Fwp%2Fv2%2Fcomments&post=124479"}],"version-history":[{"count":0,"href":"https:\/\/diarioregionaldigital.com.br\/index.php?rest_route=\/wp\/v2\/posts\/124479\/revisions"}],"wp:featuredmedia":[{"embeddable":true,"href":"https:\/\/diarioregionaldigital.com.br\/index.php?rest_route=\/wp\/v2\/media\/104964"}],"wp:attachment":[{"href":"https:\/\/diarioregionaldigital.com.br\/index.php?rest_route=%2Fwp%2Fv2%2Fmedia&parent=124479"}],"wp:term":[{"taxonomy":"category","embeddable":true,"href":"https:\/\/diarioregionaldigital.com.br\/index.php?rest_route=%2Fwp%2Fv2%2Fcategories&post=124479"},{"taxonomy":"post_tag","embeddable":true,"href":"https:\/\/diarioregionaldigital.com.br\/index.php?rest_route=%2Fwp%2Fv2%2Ftags&post=124479"}],"curies":[{"name":"wp","href":"https:\/\/api.w.org\/{rel}","templated":true}]}}