{"id":124476,"date":"2018-10-31T13:59:10","date_gmt":"2018-10-31T15:59:10","guid":{"rendered":"https:\/\/diarioregionaldigital.com.br\/?p=124476"},"modified":"2018-10-31T13:59:10","modified_gmt":"2018-10-31T15:59:10","slug":"pitbull-foge-e-mata-outro-cao-em-barbacena","status":"publish","type":"post","link":"https:\/\/diarioregionaldigital.com.br\/?p=124476","title":{"rendered":"Pitbull foge e mata outro c\u00e3o em Barbacena"},"content":{"rendered":"<p>No bairro Santa Efig\u00eania, por volta das 13h dessa ter\u00e7a-feira, 30, um c\u00e3o morreu ap\u00f3s ser atacado por outro da ra\u00e7a Pitbull. O animal fugiu e entrou no quintal vizinho, onde atacou o outro cachorro.\u00a0O propriet\u00e1rio tentou separar os animais, mas sem \u00eaxito. O c\u00e3o s\u00f3 foi dominado pelos Bombeiros.<\/p>\n<p>O dono do animal, que n\u00e3o estava em sua casa no momento do ataque, disse que n\u00e3o sabe como seu cachorro fugiu e pulou o quintal do vizinho .<\/p>\n<p>Como n\u00e3o havia vaga dispon\u00edvel no canil municipal, o pitbull foi deixado sob os cuidados do propriet\u00e1rio, que responder\u00e1 pelo crime de dano devido \u00e0 morte e preju\u00edzos causado ao cachorro do vizinho.<\/p>\n<p>&nbsp;<\/p>\n<p>Fonte: Barbacena Online\/ Assessoria<\/p>\n","protected":false},"excerpt":{"rendered":"<p>No bairro Santa Efig\u00eania, por volta das 13h dessa ter\u00e7a-feira, 30, um c\u00e3o morreu ap\u00f3s ser atacado por outro da ra\u00e7a Pitbull. O animal fugiu e entrou no quintal vizinho, onde atacou o outro cachorro.\u00a0O propriet\u00e1rio tentou separar os animais, mas sem \u00eaxito. O c\u00e3o s\u00f3 foi dominado pelos Bombeiros. O dono do animal, que [&hellip;]<\/p>\n","protected":false},"author":96,"featured_media":124477,"comment_status":"closed","ping_status":"closed","sticky":false,"template":"","format":"standard","meta":{"footnotes":""},"categories":[252,439],"tags":[],"class_list":["post-124476","post","type-post","status-publish","format-standard","has-post-thumbnail","hentry","category-regiao","category-ultima-hora"],"_links":{"self":[{"href":"https:\/\/diarioregionaldigital.com.br\/index.php?rest_route=\/wp\/v2\/posts\/124476","targetHints":{"allow":["GET"]}}],"collection":[{"href":"https:\/\/diarioregionaldigital.com.br\/index.php?rest_route=\/wp\/v2\/posts"}],"about":[{"href":"https:\/\/diarioregionaldigital.com.br\/index.php?rest_route=\/wp\/v2\/types\/post"}],"author":[{"embeddable":true,"href":"https:\/\/diarioregionaldigital.com.br\/index.php?rest_route=\/wp\/v2\/users\/96"}],"replies":[{"embeddable":true,"href":"https:\/\/diarioregionaldigital.com.br\/index.php?rest_route=%2Fwp%2Fv2%2Fcomments&post=124476"}],"version-history":[{"count":0,"href":"https:\/\/diarioregionaldigital.com.br\/index.php?rest_route=\/wp\/v2\/posts\/124476\/revisions"}],"wp:featuredmedia":[{"embeddable":true,"href":"https:\/\/diarioregionaldigital.com.br\/index.php?rest_route=\/wp\/v2\/media\/124477"}],"wp:attachment":[{"href":"https:\/\/diarioregionaldigital.com.br\/index.php?rest_route=%2Fwp%2Fv2%2Fmedia&parent=124476"}],"wp:term":[{"taxonomy":"category","embeddable":true,"href":"https:\/\/diarioregionaldigital.com.br\/index.php?rest_route=%2Fwp%2Fv2%2Fcategories&post=124476"},{"taxonomy":"post_tag","embeddable":true,"href":"https:\/\/diarioregionaldigital.com.br\/index.php?rest_route=%2Fwp%2Fv2%2Ftags&post=124476"}],"curies":[{"name":"wp","href":"https:\/\/api.w.org\/{rel}","templated":true}]}}