{"id":124471,"date":"2018-10-31T13:53:35","date_gmt":"2018-10-31T15:53:35","guid":{"rendered":"https:\/\/diarioregionaldigital.com.br\/?p=124471"},"modified":"2018-10-31T13:53:35","modified_gmt":"2018-10-31T15:53:35","slug":"policia-civil-faz-operacao-de-combate-a-pedofilia-no-estado","status":"publish","type":"post","link":"https:\/\/diarioregionaldigital.com.br\/?p=124471","title":{"rendered":"Pol\u00edcia Civil faz opera\u00e7\u00e3o de combate \u00e0 pedofilia no estado"},"content":{"rendered":"<p>Nesta quarta-feira, 31, a Pol\u00edcia Civil de Minas Gerais deflagrou uma Opera\u00e7\u00e3o Inf\u00e2ncia Reavida em algumas cidades do estado, com a finalidade de combater a explora\u00e7\u00e3o sexual de crian\u00e7as e adolescentes.<\/p>\n<p>Ainda n\u00e3o foi divulgado um balan\u00e7o completo sobre a opera\u00e7\u00e3o.<\/p>\n<p><strong>Uma pessoa foi presa na regi\u00e3o\u00a0<\/strong><\/p>\n<p>At\u00e9 o momento, um homem de 41 anos foi preso, no bairro S\u00e3o Pedro, em Barbacena, acusado de armazenar pornografia infantil.<\/p>\n<p>Militares cumpriram um mandado de busca e apreens\u00e3o em sua resid\u00eancia nessa manh\u00e3. Na casa do autor, onde ele foi preso em flagrante, foram apreendidos policiais v\u00e1rios HD\u2019s externos, CPU\u2019s , Pendrives, celulares \u00e9 v\u00e1rias m\u00eddias em DVD\u2019s. ele responder\u00e1 pelo crime previsto no artigo 241 A e B do Estatuto da Crian\u00e7a e Adolescente (ECA),no que diz respeito do armazenamento e compartilhamento de fotos de crian\u00e7as e adolescentes em situa\u00e7\u00e3o de pornografia.<\/p>\n<p>&nbsp;<\/p>\n<p>Fonte: Barbacena Online<\/p>\n","protected":false},"excerpt":{"rendered":"<p>Nesta quarta-feira, 31, a Pol\u00edcia Civil de Minas Gerais deflagrou uma Opera\u00e7\u00e3o Inf\u00e2ncia Reavida em algumas cidades do estado, com a finalidade de combater a explora\u00e7\u00e3o sexual de crian\u00e7as e adolescentes. Ainda n\u00e3o foi divulgado um balan\u00e7o completo sobre a opera\u00e7\u00e3o. Uma pessoa foi presa na regi\u00e3o\u00a0 At\u00e9 o momento, um homem de 41 anos [&hellip;]<\/p>\n","protected":false},"author":96,"featured_media":124474,"comment_status":"closed","ping_status":"closed","sticky":false,"template":"","format":"standard","meta":{"footnotes":""},"categories":[252,439],"tags":[],"class_list":["post-124471","post","type-post","status-publish","format-standard","has-post-thumbnail","hentry","category-regiao","category-ultima-hora"],"_links":{"self":[{"href":"https:\/\/diarioregionaldigital.com.br\/index.php?rest_route=\/wp\/v2\/posts\/124471","targetHints":{"allow":["GET"]}}],"collection":[{"href":"https:\/\/diarioregionaldigital.com.br\/index.php?rest_route=\/wp\/v2\/posts"}],"about":[{"href":"https:\/\/diarioregionaldigital.com.br\/index.php?rest_route=\/wp\/v2\/types\/post"}],"author":[{"embeddable":true,"href":"https:\/\/diarioregionaldigital.com.br\/index.php?rest_route=\/wp\/v2\/users\/96"}],"replies":[{"embeddable":true,"href":"https:\/\/diarioregionaldigital.com.br\/index.php?rest_route=%2Fwp%2Fv2%2Fcomments&post=124471"}],"version-history":[{"count":0,"href":"https:\/\/diarioregionaldigital.com.br\/index.php?rest_route=\/wp\/v2\/posts\/124471\/revisions"}],"wp:featuredmedia":[{"embeddable":true,"href":"https:\/\/diarioregionaldigital.com.br\/index.php?rest_route=\/wp\/v2\/media\/124474"}],"wp:attachment":[{"href":"https:\/\/diarioregionaldigital.com.br\/index.php?rest_route=%2Fwp%2Fv2%2Fmedia&parent=124471"}],"wp:term":[{"taxonomy":"category","embeddable":true,"href":"https:\/\/diarioregionaldigital.com.br\/index.php?rest_route=%2Fwp%2Fv2%2Fcategories&post=124471"},{"taxonomy":"post_tag","embeddable":true,"href":"https:\/\/diarioregionaldigital.com.br\/index.php?rest_route=%2Fwp%2Fv2%2Ftags&post=124471"}],"curies":[{"name":"wp","href":"https:\/\/api.w.org\/{rel}","templated":true}]}}