{"id":124468,"date":"2018-10-31T12:06:34","date_gmt":"2018-10-31T14:06:34","guid":{"rendered":"https:\/\/diarioregionaldigital.com.br\/?p=124468"},"modified":"2018-10-31T12:06:34","modified_gmt":"2018-10-31T14:06:34","slug":"incendio-atinge-carreta-e-vegetacao-na-br-040","status":"publish","type":"post","link":"https:\/\/diarioregionaldigital.com.br\/?p=124468","title":{"rendered":"Inc\u00eandio atinge carreta e vegeta\u00e7\u00e3o na BR-040"},"content":{"rendered":"<p>Na manh\u00e3 desta quarta-feira, uma carreta pegou fogo na BR-040, na altura do KM-687, nas proximidades de Alfredo Vasconcelos. Segundo informa\u00e7\u00f5es do Corpo de Bombeiros o inc\u00eandio iniciou de forma espont\u00e2nea. O motorista conseguiu sair do ve\u00edculo sem ferimentos.<\/p>\n<p>De acordo com os militares, devido ao forte calor e por estar \u00e0s margens da vegeta\u00e7\u00e3o,\u00a0 o fogo acabou se alastrando pela mata. Para combater o inc\u00eandio foram utilizados cerca de 5.000 litros de \u00e1gua.<\/p>\n<p>O tr\u00e1fego no local j\u00e1 foi liberado e flui normalmente.<\/p>\n","protected":false},"excerpt":{"rendered":"<p>Na manh\u00e3 desta quarta-feira, uma carreta pegou fogo na BR-040, na altura do KM-687, nas proximidades de Alfredo Vasconcelos. Segundo informa\u00e7\u00f5es do Corpo de Bombeiros o inc\u00eandio iniciou de forma espont\u00e2nea. O motorista conseguiu sair do ve\u00edculo sem ferimentos. De acordo com os militares, devido ao forte calor e por estar \u00e0s margens da vegeta\u00e7\u00e3o,\u00a0 [&hellip;]<\/p>\n","protected":false},"author":96,"featured_media":0,"comment_status":"closed","ping_status":"closed","sticky":false,"template":"","format":"standard","meta":{"footnotes":""},"categories":[252,439],"tags":[],"class_list":["post-124468","post","type-post","status-publish","format-standard","hentry","category-regiao","category-ultima-hora"],"_links":{"self":[{"href":"https:\/\/diarioregionaldigital.com.br\/index.php?rest_route=\/wp\/v2\/posts\/124468","targetHints":{"allow":["GET"]}}],"collection":[{"href":"https:\/\/diarioregionaldigital.com.br\/index.php?rest_route=\/wp\/v2\/posts"}],"about":[{"href":"https:\/\/diarioregionaldigital.com.br\/index.php?rest_route=\/wp\/v2\/types\/post"}],"author":[{"embeddable":true,"href":"https:\/\/diarioregionaldigital.com.br\/index.php?rest_route=\/wp\/v2\/users\/96"}],"replies":[{"embeddable":true,"href":"https:\/\/diarioregionaldigital.com.br\/index.php?rest_route=%2Fwp%2Fv2%2Fcomments&post=124468"}],"version-history":[{"count":0,"href":"https:\/\/diarioregionaldigital.com.br\/index.php?rest_route=\/wp\/v2\/posts\/124468\/revisions"}],"wp:attachment":[{"href":"https:\/\/diarioregionaldigital.com.br\/index.php?rest_route=%2Fwp%2Fv2%2Fmedia&parent=124468"}],"wp:term":[{"taxonomy":"category","embeddable":true,"href":"https:\/\/diarioregionaldigital.com.br\/index.php?rest_route=%2Fwp%2Fv2%2Fcategories&post=124468"},{"taxonomy":"post_tag","embeddable":true,"href":"https:\/\/diarioregionaldigital.com.br\/index.php?rest_route=%2Fwp%2Fv2%2Ftags&post=124468"}],"curies":[{"name":"wp","href":"https:\/\/api.w.org\/{rel}","templated":true}]}}