{"id":124464,"date":"2018-10-31T11:50:45","date_gmt":"2018-10-31T13:50:45","guid":{"rendered":"https:\/\/diarioregionaldigital.com.br\/?p=124464"},"modified":"2018-10-31T11:52:54","modified_gmt":"2018-10-31T13:52:54","slug":"7a-edicao-da-mostra-de-graffiti-purencontro-e-realizada-em-juiz-de-fora","status":"publish","type":"post","link":"https:\/\/diarioregionaldigital.com.br\/?p=124464","title":{"rendered":"7\u00aa edi\u00e7\u00e3o da Mostra de &#8220;Graffiti Purencontro&#8221; \u00e9 realizada em Juiz de Fora"},"content":{"rendered":"<p>Durante os dias 24 e 25 de novembro, de 9hrs \u00e0s 19hrs, na rua Tupi, zona Nordeste de Juiz de Fora, vai ser realizada a 7\u00aa edi\u00e7\u00e3o da Mostra de Graffiti Purencontro. O objetivo da mostra \u00e9 disseminar a pr\u00e1tica art\u00edstica na cidade, atrav\u00e9s da integra\u00e7\u00e3o cultural e do interc\u00e2mbio entre os artistas do pa\u00eds.<\/p>\n<p>O evento ter\u00e1 apresenta\u00e7\u00f5es ao vivo, a\u00e7\u00f5es de corte de cabelo, recolhimento de lixo eletr\u00f4nico, oficinas e grafiteiros do munic\u00edpio e de outras localidades. Cerca de 200 artistas devem participar do &#8220;Purencontro&#8221;.<\/p>\n","protected":false},"excerpt":{"rendered":"<p>Durante os dias 24 e 25 de novembro, de 9hrs \u00e0s 19hrs, na rua Tupi, zona Nordeste de Juiz de Fora, vai ser realizada a 7\u00aa edi\u00e7\u00e3o da Mostra de Graffiti Purencontro. O objetivo da mostra \u00e9 disseminar a pr\u00e1tica art\u00edstica na cidade, atrav\u00e9s da integra\u00e7\u00e3o cultural e do interc\u00e2mbio entre os artistas do pa\u00eds. [&hellip;]<\/p>\n","protected":false},"author":96,"featured_media":0,"comment_status":"closed","ping_status":"closed","sticky":false,"template":"","format":"standard","meta":{"footnotes":""},"categories":[256,439],"tags":[],"class_list":["post-124464","post","type-post","status-publish","format-standard","hentry","category-cultura","category-ultima-hora"],"_links":{"self":[{"href":"https:\/\/diarioregionaldigital.com.br\/index.php?rest_route=\/wp\/v2\/posts\/124464","targetHints":{"allow":["GET"]}}],"collection":[{"href":"https:\/\/diarioregionaldigital.com.br\/index.php?rest_route=\/wp\/v2\/posts"}],"about":[{"href":"https:\/\/diarioregionaldigital.com.br\/index.php?rest_route=\/wp\/v2\/types\/post"}],"author":[{"embeddable":true,"href":"https:\/\/diarioregionaldigital.com.br\/index.php?rest_route=\/wp\/v2\/users\/96"}],"replies":[{"embeddable":true,"href":"https:\/\/diarioregionaldigital.com.br\/index.php?rest_route=%2Fwp%2Fv2%2Fcomments&post=124464"}],"version-history":[{"count":0,"href":"https:\/\/diarioregionaldigital.com.br\/index.php?rest_route=\/wp\/v2\/posts\/124464\/revisions"}],"wp:attachment":[{"href":"https:\/\/diarioregionaldigital.com.br\/index.php?rest_route=%2Fwp%2Fv2%2Fmedia&parent=124464"}],"wp:term":[{"taxonomy":"category","embeddable":true,"href":"https:\/\/diarioregionaldigital.com.br\/index.php?rest_route=%2Fwp%2Fv2%2Fcategories&post=124464"},{"taxonomy":"post_tag","embeddable":true,"href":"https:\/\/diarioregionaldigital.com.br\/index.php?rest_route=%2Fwp%2Fv2%2Ftags&post=124464"}],"curies":[{"name":"wp","href":"https:\/\/api.w.org\/{rel}","templated":true}]}}