{"id":124454,"date":"2018-10-31T10:55:21","date_gmt":"2018-10-31T12:55:21","guid":{"rendered":"https:\/\/diarioregionaldigital.com.br\/?p=124454"},"modified":"2018-10-31T10:55:21","modified_gmt":"2018-10-31T12:55:21","slug":"sebrae-realiza-semana-global-de-empreendedorismo","status":"publish","type":"post","link":"https:\/\/diarioregionaldigital.com.br\/?p=124454","title":{"rendered":"Sebrae realiza Semana Global de Empreendedorismo"},"content":{"rendered":"<p>Setenta e sete por cento das Micro e Pequenas Empresas (MPE) mineiras tem acesso \u00e0 internet, de acordo com a pesquisa <i>Transforma\u00e7\u00e3o Digital<\/i> feita pelo Sebrae, no in\u00edcio deste ano. Com os empreendedores cada vez mais conectados com o mundo digital, o Sebrae Minas oferece na Semana Global de Empreendedores 2018 (SGE) capacita\u00e7\u00f5es gratuitas e online.<\/p>\n<p>De 5 a 7 de novembro ser\u00e3o promovidos semin\u00e1rio online, v\u00eddeo-aulas e o lan\u00e7amento\u00a0 de uma w\u00e9bserie especial. No dia 5 de novembro, segunda-feira, come\u00e7a a ser exibida a Webs\u00e9rie Transforma\u00e7\u00e3o Digital. Em seis epis\u00f3dios, a consultora, especialista nas \u00e1reas marketing digital, inova\u00e7\u00e3o e educa\u00e7\u00e3o e autora do livro Marketing na Era Digital<\/p>\n<p>J\u00e1 na programa\u00e7\u00e3o do dia 6 de novembro, ter\u00e7a-feira, ser\u00e1 promovido, das 9h \u00e0s 19h, o ConecteCer &#8211; Semin\u00e1rio Novas Conex\u00f5es: Os jovens e a educa\u00e7\u00e3o empreendedora. O evento reunir\u00e1 especialistas que ir\u00e3o compartilhar suas experi\u00eancias e conhecimentos sobre o empreendedorismo. Os participantes ainda ter\u00e3o acesso a v\u00eddeos, hangouts e outros materiais sobre o assunto que ser\u00e1 discutido durante o semin\u00e1rio online.<\/p>\n<p>Os empreendedores tamb\u00e9m poder\u00e3o assistir, no dia 7 de novembro, quarta-feira, o lan\u00e7amento das v\u00eddeo-aulas Luz, C\u00e2mera e convers\u00e3o: como sua empresa pode fazer e utilizar v\u00eddeos para internet, com a participa\u00e7\u00e3o de<b> <\/b>Camilo Coutinho, especialista em v\u00eddeos online, idealizador do canal Play de Prata, que divulga conte\u00fado sobre produ\u00e7\u00e3o v\u00eddeos para a internet. As 33 v\u00eddeo-aulas exclusivas, divididas em seis m\u00f3dulos, auxilia os empreendedores sobre como fazer vendas online, criar um canal, pesquisar conte\u00fado e concorr\u00eancia, al\u00e9m de criar e divulgar v\u00eddeos para o Facebook, Instagram e Youtube.<\/p>\n","protected":false},"excerpt":{"rendered":"<p>Setenta e sete por cento das Micro e Pequenas Empresas (MPE) mineiras tem acesso \u00e0 internet, de acordo com a pesquisa Transforma\u00e7\u00e3o Digital feita pelo Sebrae, no in\u00edcio deste ano. Com os empreendedores cada vez mais conectados com o mundo digital, o Sebrae Minas oferece na Semana Global de Empreendedores 2018 (SGE) capacita\u00e7\u00f5es gratuitas e [&hellip;]<\/p>\n","protected":false},"author":96,"featured_media":112697,"comment_status":"closed","ping_status":"closed","sticky":false,"template":"","format":"standard","meta":{"footnotes":""},"categories":[253,439],"tags":[],"class_list":["post-124454","post","type-post","status-publish","format-standard","has-post-thumbnail","hentry","category-cidade","category-ultima-hora"],"_links":{"self":[{"href":"https:\/\/diarioregionaldigital.com.br\/index.php?rest_route=\/wp\/v2\/posts\/124454","targetHints":{"allow":["GET"]}}],"collection":[{"href":"https:\/\/diarioregionaldigital.com.br\/index.php?rest_route=\/wp\/v2\/posts"}],"about":[{"href":"https:\/\/diarioregionaldigital.com.br\/index.php?rest_route=\/wp\/v2\/types\/post"}],"author":[{"embeddable":true,"href":"https:\/\/diarioregionaldigital.com.br\/index.php?rest_route=\/wp\/v2\/users\/96"}],"replies":[{"embeddable":true,"href":"https:\/\/diarioregionaldigital.com.br\/index.php?rest_route=%2Fwp%2Fv2%2Fcomments&post=124454"}],"version-history":[{"count":0,"href":"https:\/\/diarioregionaldigital.com.br\/index.php?rest_route=\/wp\/v2\/posts\/124454\/revisions"}],"wp:featuredmedia":[{"embeddable":true,"href":"https:\/\/diarioregionaldigital.com.br\/index.php?rest_route=\/wp\/v2\/media\/112697"}],"wp:attachment":[{"href":"https:\/\/diarioregionaldigital.com.br\/index.php?rest_route=%2Fwp%2Fv2%2Fmedia&parent=124454"}],"wp:term":[{"taxonomy":"category","embeddable":true,"href":"https:\/\/diarioregionaldigital.com.br\/index.php?rest_route=%2Fwp%2Fv2%2Fcategories&post=124454"},{"taxonomy":"post_tag","embeddable":true,"href":"https:\/\/diarioregionaldigital.com.br\/index.php?rest_route=%2Fwp%2Fv2%2Ftags&post=124454"}],"curies":[{"name":"wp","href":"https:\/\/api.w.org\/{rel}","templated":true}]}}