{"id":124450,"date":"2018-10-31T10:34:09","date_gmt":"2018-10-31T12:34:09","guid":{"rendered":"https:\/\/diarioregionaldigital.com.br\/?p=124450"},"modified":"2018-10-31T10:34:09","modified_gmt":"2018-10-31T12:34:09","slug":"festival-primeiro-plano-comeca-segunda-feira-e-traz-novidades","status":"publish","type":"post","link":"https:\/\/diarioregionaldigital.com.br\/?p=124450","title":{"rendered":"Festival Primeiro Plano come\u00e7a segunda-feira e traz novidades"},"content":{"rendered":"<p class=\"x_MsoNormal\">Em sua 17\u00aa edi\u00e7\u00e3o, o Primeiro Plano &#8211; Festival de Cinema de Juiz de Fora e Mercocidades &#8211; come\u00e7a nesta segunda-feira, 5. O destaque foi guardado para o \u00faltimo dia do evento, no s\u00e1bado, 10, com o Encontro de Coprodu\u00e7\u00e3o Audiovisual na Am\u00e9rica Latina. A ideia \u00e9 discutir o crescente n\u00famero de coprodu\u00e7\u00f5es entre Brasil e os demais pa\u00edses do continente, e como esta rela\u00e7\u00e3o abre novas possibilidades de interc\u00e2mbio e financiamento m\u00fatuo.<\/p>\n<p class=\"x_MsoNormal\">Al\u00e9m deste evento, o Primeiro Plano vai exibir, este ano, 50 curtas-metragens, que v\u00e3o disputar os pr\u00eamios nas categorias Regional e Mercocidades. As produ\u00e7\u00f5es, feitas por cineastas estreantes, foram desenvolvidas na Zona da Mata de Minas Gerais (mostra Regional) e em outras cidades do Brasil e toda a Am\u00e9rica do Sul (Mostra Competitiva). Estas exibi\u00e7\u00f5es ocorrer\u00e3o diariamente, entre 5 e 10 de novembro, no Teatro Municipal Paschoal Carlos Magno, a partir das 17h.<\/p>\n<h2>Festival de casa nova<\/h2>\n<p class=\"x_MsoNormal\">O teatro, ali\u00e1s, \u00e9 a nova casa do Primeiro Plano &#8211; Festival de Cinema de Juiz de Fora e Mercocidades. Inaugurado em mar\u00e7o deste ano, o espa\u00e7o p\u00fablico est\u00e1 passando por adapta\u00e7\u00f5es, e recebendo equipamentos de proje\u00e7\u00e3o e sonoriza\u00e7\u00e3o, para se transformar em uma sala de cinema. Al\u00e9m dos curtas, exibidos diariamente, o festival fecha todas as noites com um longa-metragem in\u00e9dito em Juiz de Fora.<\/p>\n<h2>Abertura com filme juiz-forano<\/h2>\n<p class=\"x_MsoNormal\">A abertura do Primeiro Plano acontece nesta segunda-feira, \u00e0s 19h, com o curta &#8220;Para atravessar contigo o deserto do mundo&#8221;, uma produ\u00e7\u00e3o juiz-forana da diretora e roteirista Nat\u00e1lia Reis, vencedora do pr\u00eamio incentivo Primeiro Plano de 2017.<\/p>\n<p class=\"x_MsoNormal\">Anualmente, o vencedor do melhor curta-metragem, produzido por universit\u00e1rios da cidade, recebe um benef\u00edcio em dinheiro para a grava\u00e7\u00e3o de um novo filme, apresentado sempre no festival do ano seguinte.<\/p>\n<p class=\"x_MsoNormal\">Em seguida, \u00e0s 20h, os espectadores poder\u00e3o conferir o longa brasileiro &#8220;Os jovens Baumann&#8221;, de Bruna Carvalho Almeida.<\/p>\n<p class=\"x_MsoNormal\">J\u00e1 no encerramento, s\u00e1bado (10 de novembro), ser\u00e3o conhecidos os vencedores das mostras competitivas. Antes haver\u00e1 a de dois curtas: o argentino &#8220;Minha tristeza n\u00e3o \u00e9 minha&#8221;, de Maximiliano Gallo, e o brasileiro &#8220;Deus&#8221;, dirigido por Vinicius Silva.<\/p>\n<h2>Exibi\u00e7\u00f5es especiais<\/h2>\n<p class=\"x_MsoNormal\">Imperd\u00edvel tamb\u00e9m s\u00e3o as sess\u00f5es lanterninha infantil e juvenil, com filmes especiais para crian\u00e7as e adolescentes, igualmente produzidos por diretores estreantes. Os curtas, selecionados pela curadoria do festival, retratam tem\u00e1ticas como fantasia, lirismo e quest\u00f5es sociais e existenciais. As sess\u00f5es lanterninha ocorrem entre ter\u00e7a-feira (6) e quinta-feira (8), em hor\u00e1rios especiais, como 10h e 15h.<\/p>\n<p class=\"x_MsoNormal\">Dentro da proposta das sess\u00f5es lanterninha, o festival traz, ainda, a exibi\u00e7\u00e3o de quatro curtas com audiodescri\u00e7\u00e3o e legenda descritiva. Os tr\u00eas filmes poder\u00e3o ser conferidos na quarta-feira (7), a partir das 15h. E no dia seguinte, o p\u00fablico ser\u00e1 convidado a debater, ap\u00f3s a exibi\u00e7\u00e3o, a tem\u00e1tica da pessoa com defici\u00eancia. O filme \u201cA c\u00e2mera de Jo\u00e3o\u201d, de Tothi Cardoso, ser\u00e1 apresentado \u00e0s 10h.<\/p>\n<h2>Outros eventos paralelos<\/h2>\n<p class=\"x_MsoNormal\">O in\u00e9dito Encontro de Coprodu\u00e7\u00e3o Audiovisual na Am\u00e9rica Latina \u00e9 apenas um dos eventos paralelos que movem o Primeiro Plano &#8211; Festival de Cinema. Al\u00e9m dele, ser\u00e3o promovidos debates e tr\u00eas oficinas para os amantes da s\u00e9tima arte: corre\u00e7\u00e3o de cor, edi\u00e7\u00e3o de som e document\u00e1rio. Para este evento, as inscri\u00e7\u00f5es s\u00e3o limitadas e podem ser feitas no site at\u00e9 esta quinta-feira, 1.<\/p>\n<p class=\"x_MsoNormal\">Na Oficina Quer\u00f4, crian\u00e7as e jovens ser\u00e3o introduzidos ao universo do cinema. Atrav\u00e9s de encontros sobre sensibiliza\u00e7\u00e3o, roteiro e filmagem, os participantes ser\u00e3o orientados para, ao fim, produzir mini-metragens com um minuto de dura\u00e7\u00e3o.<\/p>\n<h2>O Festival<\/h2>\n<p class=\"x_MsoNormal\">O Primeiro Plano \u2013 Festival de Cinema de Juiz de Fora e Mercocidades, \u00e9 uma realiza\u00e7\u00e3o do Luzes da Cidade, formado por um grupo de cin\u00e9filos e agitadores culturais. A programa\u00e7\u00e3o oficial, entre os dias 5 e 10 de novembro, prev\u00ea exibi\u00e7\u00e3o de curtas e longas, oficinas e outros eventos paralelos.<\/p>\n<p class=\"x_MsoNormal\">Para cobertura de um ou mais eventos, ou contato para entrevistas, ligar para a \u00a0assessoria de imprensa do festival.<\/p>\n<p><em>Fonte: Assessoria<\/em><\/p>\n","protected":false},"excerpt":{"rendered":"<p>Em sua 17\u00aa edi\u00e7\u00e3o, o Primeiro Plano &#8211; Festival de Cinema de Juiz de Fora e Mercocidades &#8211; come\u00e7a nesta segunda-feira, 5. O destaque foi guardado para o \u00faltimo dia do evento, no s\u00e1bado, 10, com o Encontro de Coprodu\u00e7\u00e3o Audiovisual na Am\u00e9rica Latina. A ideia \u00e9 discutir o crescente n\u00famero de coprodu\u00e7\u00f5es entre Brasil [&hellip;]<\/p>\n","protected":false},"author":96,"featured_media":0,"comment_status":"closed","ping_status":"closed","sticky":false,"template":"","format":"standard","meta":{"footnotes":""},"categories":[256,439],"tags":[],"class_list":["post-124450","post","type-post","status-publish","format-standard","hentry","category-cultura","category-ultima-hora"],"_links":{"self":[{"href":"https:\/\/diarioregionaldigital.com.br\/index.php?rest_route=\/wp\/v2\/posts\/124450","targetHints":{"allow":["GET"]}}],"collection":[{"href":"https:\/\/diarioregionaldigital.com.br\/index.php?rest_route=\/wp\/v2\/posts"}],"about":[{"href":"https:\/\/diarioregionaldigital.com.br\/index.php?rest_route=\/wp\/v2\/types\/post"}],"author":[{"embeddable":true,"href":"https:\/\/diarioregionaldigital.com.br\/index.php?rest_route=\/wp\/v2\/users\/96"}],"replies":[{"embeddable":true,"href":"https:\/\/diarioregionaldigital.com.br\/index.php?rest_route=%2Fwp%2Fv2%2Fcomments&post=124450"}],"version-history":[{"count":0,"href":"https:\/\/diarioregionaldigital.com.br\/index.php?rest_route=\/wp\/v2\/posts\/124450\/revisions"}],"wp:attachment":[{"href":"https:\/\/diarioregionaldigital.com.br\/index.php?rest_route=%2Fwp%2Fv2%2Fmedia&parent=124450"}],"wp:term":[{"taxonomy":"category","embeddable":true,"href":"https:\/\/diarioregionaldigital.com.br\/index.php?rest_route=%2Fwp%2Fv2%2Fcategories&post=124450"},{"taxonomy":"post_tag","embeddable":true,"href":"https:\/\/diarioregionaldigital.com.br\/index.php?rest_route=%2Fwp%2Fv2%2Ftags&post=124450"}],"curies":[{"name":"wp","href":"https:\/\/api.w.org\/{rel}","templated":true}]}}