{"id":124438,"date":"2018-10-31T09:51:05","date_gmt":"2018-10-31T11:51:05","guid":{"rendered":"https:\/\/diarioregionaldigital.com.br\/?p=124438"},"modified":"2018-10-31T09:51:05","modified_gmt":"2018-10-31T11:51:05","slug":"frentista-e-vitima-de-assalto-no-bairro-santa-amelia","status":"publish","type":"post","link":"https:\/\/diarioregionaldigital.com.br\/?p=124438","title":{"rendered":"Frentista \u00e9 v\u00edtima de assalto no bairro Santa Am\u00e9lia"},"content":{"rendered":"<p>Um frentista, de 63 anos, que trabalha em um posto de gasolina no bairro Santa Am\u00e9lia, na zona Norte de Juiz de Fora, foi v\u00edtima de assalto durante o servi\u00e7o na noite dessa ter\u00e7a-feira, 30. Por volta das 22h, um homem chegou ao estabelecimento, que fica na Avenida Garcia Rodrigues Paes, e anunciou o assalto.<\/p>\n<p>O autor estava armado e amea\u00e7ou o homem, que acabou entregando R$100 ao assaltante. Segundo a v\u00edtima, assim que conseguiu o dinheiro o homem fugiu no sentido ao bairro J\u00f3quei Clube, tamb\u00e9m na regi\u00e3o Norte.<\/p>\n<p>A Pol\u00edcia chegou a fazer rastreamento na \u00e1rea, mas ningu\u00e9m foi encontrado.<\/p>\n","protected":false},"excerpt":{"rendered":"<p>Um frentista, de 63 anos, que trabalha em um posto de gasolina no bairro Santa Am\u00e9lia, na zona Norte de Juiz de Fora, foi v\u00edtima de assalto durante o servi\u00e7o na noite dessa ter\u00e7a-feira, 30. Por volta das 22h, um homem chegou ao estabelecimento, que fica na Avenida Garcia Rodrigues Paes, e anunciou o assalto. [&hellip;]<\/p>\n","protected":false},"author":96,"featured_media":95836,"comment_status":"closed","ping_status":"closed","sticky":false,"template":"","format":"standard","meta":{"footnotes":""},"categories":[301],"tags":[],"class_list":["post-124438","post","type-post","status-publish","format-standard","has-post-thumbnail","hentry","category-artigos-policiais"],"_links":{"self":[{"href":"https:\/\/diarioregionaldigital.com.br\/index.php?rest_route=\/wp\/v2\/posts\/124438","targetHints":{"allow":["GET"]}}],"collection":[{"href":"https:\/\/diarioregionaldigital.com.br\/index.php?rest_route=\/wp\/v2\/posts"}],"about":[{"href":"https:\/\/diarioregionaldigital.com.br\/index.php?rest_route=\/wp\/v2\/types\/post"}],"author":[{"embeddable":true,"href":"https:\/\/diarioregionaldigital.com.br\/index.php?rest_route=\/wp\/v2\/users\/96"}],"replies":[{"embeddable":true,"href":"https:\/\/diarioregionaldigital.com.br\/index.php?rest_route=%2Fwp%2Fv2%2Fcomments&post=124438"}],"version-history":[{"count":0,"href":"https:\/\/diarioregionaldigital.com.br\/index.php?rest_route=\/wp\/v2\/posts\/124438\/revisions"}],"wp:featuredmedia":[{"embeddable":true,"href":"https:\/\/diarioregionaldigital.com.br\/index.php?rest_route=\/wp\/v2\/media\/95836"}],"wp:attachment":[{"href":"https:\/\/diarioregionaldigital.com.br\/index.php?rest_route=%2Fwp%2Fv2%2Fmedia&parent=124438"}],"wp:term":[{"taxonomy":"category","embeddable":true,"href":"https:\/\/diarioregionaldigital.com.br\/index.php?rest_route=%2Fwp%2Fv2%2Fcategories&post=124438"},{"taxonomy":"post_tag","embeddable":true,"href":"https:\/\/diarioregionaldigital.com.br\/index.php?rest_route=%2Fwp%2Fv2%2Ftags&post=124438"}],"curies":[{"name":"wp","href":"https:\/\/api.w.org\/{rel}","templated":true}]}}