{"id":124436,"date":"2018-10-31T09:38:32","date_gmt":"2018-10-31T11:38:32","guid":{"rendered":"https:\/\/diarioregionaldigital.com.br\/?p=124436"},"modified":"2018-10-31T09:38:32","modified_gmt":"2018-10-31T11:38:32","slug":"policia-militar-registra-dois-assaltos-a-pedestres-em-jf","status":"publish","type":"post","link":"https:\/\/diarioregionaldigital.com.br\/?p=124436","title":{"rendered":"Pol\u00edcia Militar registra dois assaltos a pedestres em JF"},"content":{"rendered":"<p>Dois pedestres foram assaltados nessa ter\u00e7a-feira, 30, em Juiz de Fora. Um dos casos aconteceu no bairro Martelos, na Cidade Alta, onde um idoso, de 61 anos, foi agredido, por\u00e9m sem gravidade, por tr\u00eas autores na Rua Artur Peters.<\/p>\n<p>Os assaltantes abordaram o homem e exigiram que ele entregasse o celular e R$400 que tinha no bolso. Ap\u00f3s o roubo, os autores fugiram e n\u00e3o foram encontrados pela Pol\u00edcia Militar (PM).<\/p>\n<p>O segundo registro foi feito na Rua Ant\u00f4nio de Paula Mendes, no bairro Bandeirantes, na regi\u00e3o Nordeste. Uma jovem, de 22 anos, passava pelo local pouco antes da meia noite, quando foi surpreendida por um homem que roubou o celular dela e fugiu em um ve\u00edculo no sentido ao bairro Parque Guarani.<\/p>\n<p>Ap\u00f3s rastreamento, a PM localizou o autor, que tem 23 anos, na cada de uma jovem, de 18 anos. Na resid\u00eancia, foram encontrados ainda a arma utilizada no roubo, o celular, certas quantia em dinheiro e drogas. Os dois foram presos em flagrante e levados para a delegacia.<\/p>\n","protected":false},"excerpt":{"rendered":"<p>Dois pedestres foram assaltados nessa ter\u00e7a-feira, 30, em Juiz de Fora. Um dos casos aconteceu no bairro Martelos, na Cidade Alta, onde um idoso, de 61 anos, foi agredido, por\u00e9m sem gravidade, por tr\u00eas autores na Rua Artur Peters. Os assaltantes abordaram o homem e exigiram que ele entregasse o celular e R$400 que tinha [&hellip;]<\/p>\n","protected":false},"author":96,"featured_media":95836,"comment_status":"closed","ping_status":"closed","sticky":false,"template":"","format":"standard","meta":{"footnotes":""},"categories":[301],"tags":[],"class_list":["post-124436","post","type-post","status-publish","format-standard","has-post-thumbnail","hentry","category-artigos-policiais"],"_links":{"self":[{"href":"https:\/\/diarioregionaldigital.com.br\/index.php?rest_route=\/wp\/v2\/posts\/124436","targetHints":{"allow":["GET"]}}],"collection":[{"href":"https:\/\/diarioregionaldigital.com.br\/index.php?rest_route=\/wp\/v2\/posts"}],"about":[{"href":"https:\/\/diarioregionaldigital.com.br\/index.php?rest_route=\/wp\/v2\/types\/post"}],"author":[{"embeddable":true,"href":"https:\/\/diarioregionaldigital.com.br\/index.php?rest_route=\/wp\/v2\/users\/96"}],"replies":[{"embeddable":true,"href":"https:\/\/diarioregionaldigital.com.br\/index.php?rest_route=%2Fwp%2Fv2%2Fcomments&post=124436"}],"version-history":[{"count":0,"href":"https:\/\/diarioregionaldigital.com.br\/index.php?rest_route=\/wp\/v2\/posts\/124436\/revisions"}],"wp:featuredmedia":[{"embeddable":true,"href":"https:\/\/diarioregionaldigital.com.br\/index.php?rest_route=\/wp\/v2\/media\/95836"}],"wp:attachment":[{"href":"https:\/\/diarioregionaldigital.com.br\/index.php?rest_route=%2Fwp%2Fv2%2Fmedia&parent=124436"}],"wp:term":[{"taxonomy":"category","embeddable":true,"href":"https:\/\/diarioregionaldigital.com.br\/index.php?rest_route=%2Fwp%2Fv2%2Fcategories&post=124436"},{"taxonomy":"post_tag","embeddable":true,"href":"https:\/\/diarioregionaldigital.com.br\/index.php?rest_route=%2Fwp%2Fv2%2Ftags&post=124436"}],"curies":[{"name":"wp","href":"https:\/\/api.w.org\/{rel}","templated":true}]}}