{"id":124431,"date":"2018-10-31T05:58:40","date_gmt":"2018-10-31T07:58:40","guid":{"rendered":"https:\/\/diarioregionaldigital.com.br\/?p=124431"},"modified":"2018-10-31T09:30:45","modified_gmt":"2018-10-31T11:30:45","slug":"acidente-entre-onibus-escolar-e-caminhao-deixa-feridos-na-mg-448","status":"publish","type":"post","link":"https:\/\/diarioregionaldigital.com.br\/?p=124431","title":{"rendered":"Acidente entre \u00f4nibus escolar e caminh\u00e3o deixa feridos na MG-448"},"content":{"rendered":"<p>Um acidente entre um \u00f4nibus escolar e um caminh\u00e3o que carregava sacos de cimento deixou feridos na rodovia MG-448, altura do KM 22, perto da cidade de Santa B\u00e1rbara do Tug\u00fario, no fim da tarde dessa ter\u00e7a-feira, 30.<\/p>\n<p>De acordo com o Corpo de Bombeiros, aproximadamente cerca de 20 estudantes se encontravam dentro do \u00f4nibus. Muitos foram socorridos por seus pais que compareceram no local e os levaram para hospitais da regi\u00e3o ou para casa.<\/p>\n<p>Segundo informa\u00e7\u00f5es divulgadas pelos militares, houve uma colis\u00e3o entre os dois ve\u00edculos.\u00a0O \u00f4nibus seguia em dire\u00e7\u00e3o a zona Rural, quando o caminh\u00e3o invadiu a pista contr\u00e1ria.<\/p>\n<p>A ocorr\u00eancia mobilizou diversas equipes de socorro, que atuaram no local, como Pol\u00edcia Militar (PM),\u00a0 SAMU e Ambul\u00e2ncia da Prefeitura de Santa B\u00e1rbara do Tug\u00fario e Concession\u00e1ria Via 040.<\/p>\n","protected":false},"excerpt":{"rendered":"<p>Um acidente entre um \u00f4nibus escolar e um caminh\u00e3o que carregava sacos de cimento deixou feridos na rodovia MG-448, altura do KM 22, perto da cidade de Santa B\u00e1rbara do Tug\u00fario, no fim da tarde dessa ter\u00e7a-feira, 30. De acordo com o Corpo de Bombeiros, aproximadamente cerca de 20 estudantes se encontravam dentro do \u00f4nibus. [&hellip;]<\/p>\n","protected":false},"author":96,"featured_media":0,"comment_status":"closed","ping_status":"closed","sticky":false,"template":"","format":"standard","meta":{"footnotes":""},"categories":[436,440,252,439],"tags":[],"class_list":["post-124431","post","type-post","status-publish","format-standard","hentry","category-destaque-da-semana","category-destaques-do-dia","category-regiao","category-ultima-hora"],"_links":{"self":[{"href":"https:\/\/diarioregionaldigital.com.br\/index.php?rest_route=\/wp\/v2\/posts\/124431","targetHints":{"allow":["GET"]}}],"collection":[{"href":"https:\/\/diarioregionaldigital.com.br\/index.php?rest_route=\/wp\/v2\/posts"}],"about":[{"href":"https:\/\/diarioregionaldigital.com.br\/index.php?rest_route=\/wp\/v2\/types\/post"}],"author":[{"embeddable":true,"href":"https:\/\/diarioregionaldigital.com.br\/index.php?rest_route=\/wp\/v2\/users\/96"}],"replies":[{"embeddable":true,"href":"https:\/\/diarioregionaldigital.com.br\/index.php?rest_route=%2Fwp%2Fv2%2Fcomments&post=124431"}],"version-history":[{"count":0,"href":"https:\/\/diarioregionaldigital.com.br\/index.php?rest_route=\/wp\/v2\/posts\/124431\/revisions"}],"wp:attachment":[{"href":"https:\/\/diarioregionaldigital.com.br\/index.php?rest_route=%2Fwp%2Fv2%2Fmedia&parent=124431"}],"wp:term":[{"taxonomy":"category","embeddable":true,"href":"https:\/\/diarioregionaldigital.com.br\/index.php?rest_route=%2Fwp%2Fv2%2Fcategories&post=124431"},{"taxonomy":"post_tag","embeddable":true,"href":"https:\/\/diarioregionaldigital.com.br\/index.php?rest_route=%2Fwp%2Fv2%2Ftags&post=124431"}],"curies":[{"name":"wp","href":"https:\/\/api.w.org\/{rel}","templated":true}]}}