{"id":124417,"date":"2018-10-31T06:00:39","date_gmt":"2018-10-31T08:00:39","guid":{"rendered":"https:\/\/diarioregionaldigital.com.br\/?p=124417"},"modified":"2018-10-30T21:50:31","modified_gmt":"2018-10-30T23:50:31","slug":"entrelinhas","status":"publish","type":"post","link":"https:\/\/diarioregionaldigital.com.br\/?p=124417","title":{"rendered":"Entrelinhas"},"content":{"rendered":"<p style=\"text-align: center;\"><strong>Oscar<\/strong><\/p>\n<p style=\"text-align: center;\">Em Hollywood para apresentar o filme brasileiro \u201cTito e os p\u00e1ssaros\u201d que dirigiu com Gabriel Bitar e Andr\u00e9 Catoto, Gustavo Steinberg vibrou com a inscri\u00e7\u00e3o do longa na lista de concorrentes ao Oscar de anima\u00e7\u00e3o. O an\u00fancio da lista de 25 filmes foi feito pela Academia de Artes e Ci\u00eancias Cinematogr\u00e1ficas.<\/p>\n<p style=\"text-align: center;\"><strong>Belo Gesto<\/strong><\/p>\n<p style=\"text-align: center;\">No s\u00e1bado passado, no intervalo do jogo Flamengo x Palmeiras, no Maracan\u00e3 lotado, 20 pessoas entraram em campo com camisa \u201cPeitos &#8211; \u00c9 isso mesmo, s\u00f3 queremos chamar sua aten\u00e7\u00e3o\u201d. O capit\u00e3o R\u00e9ver usou bra\u00e7adeira rosa. E o est\u00e1dio ficou todo iluminado de rosa. A a\u00e7\u00e3o contra o c\u00e2ncer de mama foi iniciativa da Oncologia D\u2019OR do Rio de Janeiro.<\/p>\n<p style=\"text-align: center;\"><strong>Evento <\/strong><\/p>\n<p style=\"text-align: center;\">Marcos Brand\u00e3o, mega farmac\u00eautico e doutor em qu\u00edmica, fala hoje no projeto Ci\u00eancia ao Bar, na Arteria. Em seu pl\u00e1, aborda a atua\u00e7\u00e3o dos medicamentos no organismo.<\/p>\n<p style=\"text-align: center;\"><strong>Sucesso<\/strong><\/p>\n<p style=\"text-align: center;\">Din\u00e2mica e disciplinada, a professora do Col\u00e9gio Jo\u00e3o XXIII, Lucilene Hotz Bronzato venceu a etapa estadual do \u201cPr\u00eamio Professores do Brasil 2018\u201d com a pr\u00e1tica pedag\u00f3gica \u201cCampanha educativa: sim. O melhor \u00e9 falar sobre o suic\u00eddio!\u201d. Palmas para ela.<\/p>\n<p style=\"text-align: center;\"><strong>Entrelinhas<\/strong><\/p>\n<p style=\"text-align: center;\">Usando a m\u00e1xima \u201cN\u00e3o se misturam panos de prato com guardanapos finos\u201d, Pierre Berge, vi\u00favo do estilista Yves Saint Laurent, proibiu que um quadro do estilista assinado por Andy Warhol figurasse na grande retrospectiva do artista americano em Paris ao lado de outras personalidades. O empres\u00e1rio, sombra do estilista, engajou-se na pol\u00edtica francesa e virou Tycoon da m\u00eddia ao comprar uma parte do jornal Le Monde.<\/p>\n<div id=\"attachment_124405\" style=\"width: 690px\" class=\"wp-caption aligncenter\"><img loading=\"lazy\" decoding=\"async\" aria-describedby=\"caption-attachment-124405\" class=\"wp-image-124405\" src=\"https:\/\/diarioregionaldigital.com.br\/wp-content\/uploads\/2018\/10\/fotoaa-12-e1540941094421.jpg\" alt=\"\" width=\"680\" height=\"638\" srcset=\"https:\/\/diarioregionaldigital.com.br\/wp-content\/uploads\/2018\/10\/fotoaa-12-e1540941094421.jpg 404w, https:\/\/diarioregionaldigital.com.br\/wp-content\/uploads\/2018\/10\/fotoaa-12-e1540941094421-300x281.jpg 300w, https:\/\/diarioregionaldigital.com.br\/wp-content\/uploads\/2018\/10\/fotoaa-12-e1540941094421-360x338.jpg 360w\" sizes=\"auto, (max-width: 680px) 100vw, 680px\" \/><p id=\"caption-attachment-124405\" class=\"wp-caption-text\">A bela Paula Almeida Carvalho penteada e maquiada pelo coiffeur das estrelas Carlos Badico<\/p><\/div>\n<div id=\"attachment_124406\" style=\"width: 690px\" class=\"wp-caption aligncenter\"><img loading=\"lazy\" decoding=\"async\" aria-describedby=\"caption-attachment-124406\" class=\"wp-image-124406\" src=\"https:\/\/diarioregionaldigital.com.br\/wp-content\/uploads\/2018\/10\/fotob-18.jpg\" alt=\"\" width=\"680\" height=\"453\" srcset=\"https:\/\/diarioregionaldigital.com.br\/wp-content\/uploads\/2018\/10\/fotob-18.jpg 5184w, https:\/\/diarioregionaldigital.com.br\/wp-content\/uploads\/2018\/10\/fotob-18-300x200.jpg 300w, https:\/\/diarioregionaldigital.com.br\/wp-content\/uploads\/2018\/10\/fotob-18-768x512.jpg 768w, https:\/\/diarioregionaldigital.com.br\/wp-content\/uploads\/2018\/10\/fotob-18-1024x683.jpg 1024w, https:\/\/diarioregionaldigital.com.br\/wp-content\/uploads\/2018\/10\/fotob-18-360x240.jpg 360w\" sizes=\"auto, (max-width: 680px) 100vw, 680px\" \/><p id=\"caption-attachment-124406\" class=\"wp-caption-text\">Na noite do Privil\u00e9ge, os queridos Beto Souza e Bruno (Ksuco), Ribeiro do Valle<\/p><\/div>\n<div id=\"attachment_124407\" style=\"width: 690px\" class=\"wp-caption aligncenter\"><img loading=\"lazy\" decoding=\"async\" aria-describedby=\"caption-attachment-124407\" class=\"wp-image-124407\" src=\"https:\/\/diarioregionaldigital.com.br\/wp-content\/uploads\/2018\/10\/fotobb-e1540941124737.png\" alt=\"\" width=\"680\" height=\"522\" srcset=\"https:\/\/diarioregionaldigital.com.br\/wp-content\/uploads\/2018\/10\/fotobb-e1540941124737.png 717w, https:\/\/diarioregionaldigital.com.br\/wp-content\/uploads\/2018\/10\/fotobb-e1540941124737-300x230.png 300w, https:\/\/diarioregionaldigital.com.br\/wp-content\/uploads\/2018\/10\/fotobb-e1540941124737-360x276.png 360w\" sizes=\"auto, (max-width: 680px) 100vw, 680px\" \/><p id=\"caption-attachment-124407\" class=\"wp-caption-text\">No Haras Morena, os elegantes Ariane Sarto, Eliana Lamha e \u00c1lvaro Ant\u00f4nio Lamha<\/p><\/div>\n<div id=\"attachment_124408\" style=\"width: 690px\" class=\"wp-caption aligncenter\"><img loading=\"lazy\" decoding=\"async\" aria-describedby=\"caption-attachment-124408\" class=\"wp-image-124408\" src=\"https:\/\/diarioregionaldigital.com.br\/wp-content\/uploads\/2018\/10\/fotoc-18.jpg\" alt=\"\" width=\"680\" height=\"453\" srcset=\"https:\/\/diarioregionaldigital.com.br\/wp-content\/uploads\/2018\/10\/fotoc-18.jpg 5184w, https:\/\/diarioregionaldigital.com.br\/wp-content\/uploads\/2018\/10\/fotoc-18-300x200.jpg 300w, https:\/\/diarioregionaldigital.com.br\/wp-content\/uploads\/2018\/10\/fotoc-18-768x512.jpg 768w, https:\/\/diarioregionaldigital.com.br\/wp-content\/uploads\/2018\/10\/fotoc-18-1024x683.jpg 1024w, https:\/\/diarioregionaldigital.com.br\/wp-content\/uploads\/2018\/10\/fotoc-18-360x240.jpg 360w\" sizes=\"auto, (max-width: 680px) 100vw, 680px\" \/><p id=\"caption-attachment-124408\" class=\"wp-caption-text\">Fazendo a linha \u201cEstou no Caf\u00e9 da Mata\u201d, Alex Martins, Sarah Reis, Myrliane Le\u00e3o e Eduardo Gomes<\/p><\/div>\n<div id=\"attachment_124409\" style=\"width: 690px\" class=\"wp-caption aligncenter\"><img loading=\"lazy\" decoding=\"async\" aria-describedby=\"caption-attachment-124409\" class=\"wp-image-124409\" src=\"https:\/\/diarioregionaldigital.com.br\/wp-content\/uploads\/2018\/10\/fotocc-6.jpg\" alt=\"\" width=\"680\" height=\"453\" srcset=\"https:\/\/diarioregionaldigital.com.br\/wp-content\/uploads\/2018\/10\/fotocc-6.jpg 512w, https:\/\/diarioregionaldigital.com.br\/wp-content\/uploads\/2018\/10\/fotocc-6-300x200.jpg 300w, https:\/\/diarioregionaldigital.com.br\/wp-content\/uploads\/2018\/10\/fotocc-6-360x240.jpg 360w\" sizes=\"auto, (max-width: 680px) 100vw, 680px\" \/><p id=\"caption-attachment-124409\" class=\"wp-caption-text\">No lan\u00e7amento do livro Manual de Design de Sobrancelhas, na Universo, a autora Fernanda Larcher com Rosenberg Frizeiro e Fl\u00e1via Pissolati<\/p><\/div>\n<div id=\"attachment_124411\" style=\"width: 690px\" class=\"wp-caption aligncenter\"><img loading=\"lazy\" decoding=\"async\" aria-describedby=\"caption-attachment-124411\" class=\"wp-image-124411\" src=\"https:\/\/diarioregionaldigital.com.br\/wp-content\/uploads\/2018\/10\/fotoe-18-e1540941155366.jpg\" alt=\"\" width=\"680\" height=\"640\" srcset=\"https:\/\/diarioregionaldigital.com.br\/wp-content\/uploads\/2018\/10\/fotoe-18-e1540941155366.jpg 540w, https:\/\/diarioregionaldigital.com.br\/wp-content\/uploads\/2018\/10\/fotoe-18-e1540941155366-300x282.jpg 300w, https:\/\/diarioregionaldigital.com.br\/wp-content\/uploads\/2018\/10\/fotoe-18-e1540941155366-360x339.jpg 360w\" sizes=\"auto, (max-width: 680px) 100vw, 680px\" \/><p id=\"caption-attachment-124411\" class=\"wp-caption-text\">Em sintonia na C\u00e2mara Municipal, Juber Pac\u00edfico e o vereador Juc\u00e9lio Maria<\/p><\/div>\n<div id=\"attachment_124412\" style=\"width: 690px\" class=\"wp-caption aligncenter\"><img loading=\"lazy\" decoding=\"async\" aria-describedby=\"caption-attachment-124412\" class=\"wp-image-124412\" src=\"https:\/\/diarioregionaldigital.com.br\/wp-content\/uploads\/2018\/10\/fotof-18-e1540941176100.jpg\" alt=\"\" width=\"680\" height=\"487\" srcset=\"https:\/\/diarioregionaldigital.com.br\/wp-content\/uploads\/2018\/10\/fotof-18-e1540941176100.jpg 766w, https:\/\/diarioregionaldigital.com.br\/wp-content\/uploads\/2018\/10\/fotof-18-e1540941176100-300x215.jpg 300w, https:\/\/diarioregionaldigital.com.br\/wp-content\/uploads\/2018\/10\/fotof-18-e1540941176100-360x258.jpg 360w\" sizes=\"auto, (max-width: 680px) 100vw, 680px\" \/><p id=\"caption-attachment-124412\" class=\"wp-caption-text\">Em tarde musical no Card\u00e1pio Mineiro, Ivanir Ferreira e Marc\u00edlio Gomes<\/p><\/div>\n<div id=\"attachment_124413\" style=\"width: 690px\" class=\"wp-caption aligncenter\"><img loading=\"lazy\" decoding=\"async\" aria-describedby=\"caption-attachment-124413\" class=\"wp-image-124413\" src=\"https:\/\/diarioregionaldigital.com.br\/wp-content\/uploads\/2018\/10\/fotog-17.jpg\" alt=\"\" width=\"680\" height=\"452\" srcset=\"https:\/\/diarioregionaldigital.com.br\/wp-content\/uploads\/2018\/10\/fotog-17.jpg 1758w, https:\/\/diarioregionaldigital.com.br\/wp-content\/uploads\/2018\/10\/fotog-17-300x199.jpg 300w, https:\/\/diarioregionaldigital.com.br\/wp-content\/uploads\/2018\/10\/fotog-17-768x511.jpg 768w, https:\/\/diarioregionaldigital.com.br\/wp-content\/uploads\/2018\/10\/fotog-17-1024x681.jpg 1024w, https:\/\/diarioregionaldigital.com.br\/wp-content\/uploads\/2018\/10\/fotog-17-360x239.jpg 360w\" sizes=\"auto, (max-width: 680px) 100vw, 680px\" \/><p id=\"caption-attachment-124413\" class=\"wp-caption-text\">Ilustres visitando esta coluna on-line, o vereador Ant\u00f4nio Aguiar e o prefeito Ant\u00f4nio Almas<\/p><\/div>\n<div id=\"attachment_124418\" style=\"width: 690px\" class=\"wp-caption aligncenter\"><img loading=\"lazy\" decoding=\"async\" aria-describedby=\"caption-attachment-124418\" class=\"wp-image-124418\" src=\"https:\/\/diarioregionaldigital.com.br\/wp-content\/uploads\/2018\/10\/fotoi-14-e1540941755945.jpg\" alt=\"\" width=\"680\" height=\"498\" srcset=\"https:\/\/diarioregionaldigital.com.br\/wp-content\/uploads\/2018\/10\/fotoi-14-e1540941755945.jpg 955w, https:\/\/diarioregionaldigital.com.br\/wp-content\/uploads\/2018\/10\/fotoi-14-e1540941755945-300x220.jpg 300w, https:\/\/diarioregionaldigital.com.br\/wp-content\/uploads\/2018\/10\/fotoi-14-e1540941755945-768x563.jpg 768w, https:\/\/diarioregionaldigital.com.br\/wp-content\/uploads\/2018\/10\/fotoi-14-e1540941755945-360x264.jpg 360w\" sizes=\"auto, (max-width: 680px) 100vw, 680px\" \/><p id=\"caption-attachment-124418\" class=\"wp-caption-text\">No museu de Cr\u00e9dito Real, os homens de atitude e cultura, Wanderley Tom\u00e1s e Roberto Dilly<\/p><\/div>\n<div id=\"attachment_124416\" style=\"width: 690px\" class=\"wp-caption aligncenter\"><img loading=\"lazy\" decoding=\"async\" aria-describedby=\"caption-attachment-124416\" class=\"wp-image-124416\" src=\"https:\/\/diarioregionaldigital.com.br\/wp-content\/uploads\/2018\/10\/fotoj-15-e1540941208908.jpg\" alt=\"\" width=\"680\" height=\"566\" srcset=\"https:\/\/diarioregionaldigital.com.br\/wp-content\/uploads\/2018\/10\/fotoj-15-e1540941208908.jpg 660w, https:\/\/diarioregionaldigital.com.br\/wp-content\/uploads\/2018\/10\/fotoj-15-e1540941208908-300x250.jpg 300w, https:\/\/diarioregionaldigital.com.br\/wp-content\/uploads\/2018\/10\/fotoj-15-e1540941208908-360x299.jpg 360w\" sizes=\"auto, (max-width: 680px) 100vw, 680px\" \/><p id=\"caption-attachment-124416\" class=\"wp-caption-text\">O top cabeleireiro Jhonatan Nascimento, o nome de sucesso do momento<\/p><\/div>\n<p style=\"text-align: center;\"><strong>FOTOSS\u00cdNTESE<\/strong><\/p>\n<p>Nat\u00e1lia Domingues lan\u00e7a hoje, 31, no Mr.Tugas, o Brut IPA, com r\u00f3tulo diferente.<\/p>\n<p>Em estilo \u00fanico, a artista pl\u00e1stica Yollete Abramo abre exposi\u00e7\u00e3o de quadros e mosaicos na quarta-feira, 31, \u00e0s 19h30, no Excalibur da Rua S\u00e3o Mateus n\u00ba 265.<\/p>\n<p>Alerta Vermelho: Caet\u00e9 de Minas, Humait\u00e1 de Minas Monte Verde de Minas, Penido e Valadares que s\u00e3o distritos de Juiz de Fora continuam lutando por telefonia m\u00f3vel e internet. Al\u00f4 governador, reveja o prazo para o Minas Comunica II!<\/p>\n<p>O Projeto Bem Comum da Prefeitura de Juiz de Fora \u00e9 parceira da Ansal na a\u00e7\u00e3o \u201cTem um livro no meu Caminho\u201d. Os \u00f4nibus circulam com livros estimulando a pr\u00e1tica da leitura, com um varal repleto de exemplares.<\/p>\n<p>Jovens e adultos est\u00e3o curtindo muito a roda gigante montada no Independ\u00eancia Shopping com 22 m de altura.<\/p>\n<p>Com festa bel\u00edssima na Esta\u00e7\u00e3o S\u00e3o Pedro, o Encontro de Panificadores e Fornecedores homenageou os esfor\u00e7ados e din\u00e2micos: Rosemeire Almeida de Andrade (Mulher Panificadora); Jo\u00e3o Monteiro e Joana D\u2019Arc de Oliveira Moreira (\u201cHomenagem Especial\u2019); e Juliana Nascimento Coelho (\u201cExpress\u00e3o jovem do Ano\u201d).<\/p>\n<p>Juntando doses de talento expl\u00edcito, os cantores sertanejos Pablo e Ricardo lan\u00e7aram com casa cheia a primeira m\u00fasica autoral \u201cSe beber n\u00e3o sonhe\u201d. Foi no Container Bar.<\/p>\n<p>Aten\u00e7\u00e3o: a menos de um m\u00eas da promo\u00e7\u00e3o \u2018Black Friday\u2019, o Procon orienta para compras na internet e no com\u00e9rcio tradicional. N\u00e3o compre gato por lebre.<br \/>\nEduardo Saleme e a turma gente boa da dan\u00e7a de rua de Juiz de Fora marcaram presen\u00e7a no Cine-Theatro Central e aplaudiram o grupo Cultural do Gheto de Belo Horizonte que apresentou o impactante espet\u00e1culo \u2018Exit\u2019.<\/p>\n<p>Para localizar: Quem tem princ\u00edpios e valores para decidir, avaliar e julgar est\u00e1 submetido ao campo da \u00e9tica. Bom dia!<\/p>\n","protected":false},"excerpt":{"rendered":"<p>Oscar Em Hollywood para apresentar o filme brasileiro \u201cTito e os p\u00e1ssaros\u201d que dirigiu com Gabriel Bitar e Andr\u00e9 Catoto, Gustavo Steinberg vibrou com a inscri\u00e7\u00e3o do longa na lista de concorrentes ao Oscar de anima\u00e7\u00e3o. O an\u00fancio da lista de 25 filmes foi feito pela Academia de Artes e Ci\u00eancias Cinematogr\u00e1ficas. Belo Gesto No [&hellip;]<\/p>\n","protected":false},"author":96,"featured_media":124405,"comment_status":"closed","ping_status":"closed","sticky":false,"template":"","format":"standard","meta":{"footnotes":""},"categories":[264],"tags":[],"class_list":["post-124417","post","type-post","status-publish","format-standard","has-post-thumbnail","hentry","category-eduardo-gomes"],"_links":{"self":[{"href":"https:\/\/diarioregionaldigital.com.br\/index.php?rest_route=\/wp\/v2\/posts\/124417","targetHints":{"allow":["GET"]}}],"collection":[{"href":"https:\/\/diarioregionaldigital.com.br\/index.php?rest_route=\/wp\/v2\/posts"}],"about":[{"href":"https:\/\/diarioregionaldigital.com.br\/index.php?rest_route=\/wp\/v2\/types\/post"}],"author":[{"embeddable":true,"href":"https:\/\/diarioregionaldigital.com.br\/index.php?rest_route=\/wp\/v2\/users\/96"}],"replies":[{"embeddable":true,"href":"https:\/\/diarioregionaldigital.com.br\/index.php?rest_route=%2Fwp%2Fv2%2Fcomments&post=124417"}],"version-history":[{"count":0,"href":"https:\/\/diarioregionaldigital.com.br\/index.php?rest_route=\/wp\/v2\/posts\/124417\/revisions"}],"wp:featuredmedia":[{"embeddable":true,"href":"https:\/\/diarioregionaldigital.com.br\/index.php?rest_route=\/wp\/v2\/media\/124405"}],"wp:attachment":[{"href":"https:\/\/diarioregionaldigital.com.br\/index.php?rest_route=%2Fwp%2Fv2%2Fmedia&parent=124417"}],"wp:term":[{"taxonomy":"category","embeddable":true,"href":"https:\/\/diarioregionaldigital.com.br\/index.php?rest_route=%2Fwp%2Fv2%2Fcategories&post=124417"},{"taxonomy":"post_tag","embeddable":true,"href":"https:\/\/diarioregionaldigital.com.br\/index.php?rest_route=%2Fwp%2Fv2%2Ftags&post=124417"}],"curies":[{"name":"wp","href":"https:\/\/api.w.org\/{rel}","templated":true}]}}