{"id":124403,"date":"2018-10-31T06:00:23","date_gmt":"2018-10-31T08:00:23","guid":{"rendered":"https:\/\/diarioregionaldigital.com.br\/?p=124403"},"modified":"2018-10-30T21:04:48","modified_gmt":"2018-10-30T23:04:48","slug":"edital-clinica-odontologica-bom-pastor-ltda-31-10-18","status":"publish","type":"post","link":"https:\/\/diarioregionaldigital.com.br\/?p=124403","title":{"rendered":"Edital Clinica Odontol\u00f3gica Bom Pastor Ltda &#8211; 31\/10\/18"},"content":{"rendered":"<p style=\"text-align: center;\"><strong>DISTRATO SOCIAL \u2013 CLINICA ODONTOL\u00d3GICA BOM PASTOR LTDA<\/strong>, Sede: Rua. Dr. Jos\u00e9 Proc\u00f3pio Teixeira, 89, Bom Pastor \u2013Juiz de Fora-MG. S\u00f3cios: Paulo Renato Carvalho Ribeiro, Sergio Henrique Casarim Fernandes, Marcelo Reis Fraga e Leandro Marques de Resende. Reg. Cart. T\u00edtulos e Documentos P. Jur\u00eddica n\u00ba 6542, Livro A28, fls. 150. A cada s\u00f3cio \u00e9 restitu\u00edda a import\u00e2ncia de sua participa\u00e7\u00e3o no capital social, que \u00e9 de R$7.000,00. Encerrou atividades em 31\/08\/2018. Ativo e Passivo: A cargo do s\u00f3cio Paulo Renato Carvalho Ribeiro e Leandro Marques de Resende. A sociedade se dissolve por n\u00e3o mais convir o exerc\u00edcio de suas atividades. Juiz de Fora, MG, 31\/08\/2018.<\/p>\n","protected":false},"excerpt":{"rendered":"<p>DISTRATO SOCIAL \u2013 CLINICA ODONTOL\u00d3GICA BOM PASTOR LTDA, Sede: Rua. Dr. Jos\u00e9 Proc\u00f3pio Teixeira, 89, Bom Pastor \u2013Juiz de Fora-MG. S\u00f3cios: Paulo Renato Carvalho Ribeiro, Sergio Henrique Casarim Fernandes, Marcelo Reis Fraga e Leandro Marques de Resende. Reg. Cart. T\u00edtulos e Documentos P. Jur\u00eddica n\u00ba 6542, Livro A28, fls. 150. A cada s\u00f3cio \u00e9 restitu\u00edda [&hellip;]<\/p>\n","protected":false},"author":96,"featured_media":0,"comment_status":"closed","ping_status":"closed","sticky":false,"template":"","format":"standard","meta":{"footnotes":""},"categories":[307],"tags":[],"class_list":["post-124403","post","type-post","status-publish","format-standard","hentry","category-editais"],"_links":{"self":[{"href":"https:\/\/diarioregionaldigital.com.br\/index.php?rest_route=\/wp\/v2\/posts\/124403","targetHints":{"allow":["GET"]}}],"collection":[{"href":"https:\/\/diarioregionaldigital.com.br\/index.php?rest_route=\/wp\/v2\/posts"}],"about":[{"href":"https:\/\/diarioregionaldigital.com.br\/index.php?rest_route=\/wp\/v2\/types\/post"}],"author":[{"embeddable":true,"href":"https:\/\/diarioregionaldigital.com.br\/index.php?rest_route=\/wp\/v2\/users\/96"}],"replies":[{"embeddable":true,"href":"https:\/\/diarioregionaldigital.com.br\/index.php?rest_route=%2Fwp%2Fv2%2Fcomments&post=124403"}],"version-history":[{"count":0,"href":"https:\/\/diarioregionaldigital.com.br\/index.php?rest_route=\/wp\/v2\/posts\/124403\/revisions"}],"wp:attachment":[{"href":"https:\/\/diarioregionaldigital.com.br\/index.php?rest_route=%2Fwp%2Fv2%2Fmedia&parent=124403"}],"wp:term":[{"taxonomy":"category","embeddable":true,"href":"https:\/\/diarioregionaldigital.com.br\/index.php?rest_route=%2Fwp%2Fv2%2Fcategories&post=124403"},{"taxonomy":"post_tag","embeddable":true,"href":"https:\/\/diarioregionaldigital.com.br\/index.php?rest_route=%2Fwp%2Fv2%2Ftags&post=124403"}],"curies":[{"name":"wp","href":"https:\/\/api.w.org\/{rel}","templated":true}]}}