{"id":124393,"date":"2018-10-31T06:00:31","date_gmt":"2018-10-31T08:00:31","guid":{"rendered":"https:\/\/diarioregionaldigital.com.br\/?p=124393"},"modified":"2018-10-31T09:09:13","modified_gmt":"2018-10-31T11:09:13","slug":"cemiterios-e-floriculturas-se-preparam-para-o-dia-de-finados","status":"publish","type":"post","link":"https:\/\/diarioregionaldigital.com.br\/?p=124393","title":{"rendered":"Cemit\u00e9rios e floriculturas se preparam para o Dia de Finados"},"content":{"rendered":"<p>No pr\u00f3ximo dia 2 de novembro, \u00e9 celebrado o Dia de Finados, feriado religioso. Nesta data \u00e9 comum que muitas pessoas compare\u00e7am aos cemit\u00e9rios para prestar homenagens e fazer suas ora\u00e7\u00f5es para o entes queridos que j\u00e1 se foram.<\/p>\n<p>O Dia de Finados foi oficialmente inclu\u00eddo na liturgia no s\u00e9culo 13. Os respons\u00e1veis pela Igreja escolheram o dia por suceder o Dia de Todos os Santos, que \u00e9 comemorado em 1\u00ba de novembro. A data \u00e9 importante entre os ritos da Igreja Cat\u00f3lica, mas tamb\u00e9m \u00e9 celebrada em outras religi\u00f5es, sendo algumas delas com datas que variam entre o dia 31 de outubro e o dia dois de novembro.<\/p>\n<p>Vicente Gesualdo, aposentado de 62 anos, \u00e9 cat\u00f3lico e vai ao cemit\u00e9rio todos os anos no Dia de Finados. \u201cVou aos cemit\u00e9rios nessa data desde a adolesc\u00eancia. Criei esse h\u00e1bito com meus pais, principalmente minha m\u00e3e, e continuei com ele desde ent\u00e3o\u201d, disse. Segundo ele, \u00e9 importante ir at\u00e9 esses locais para rezar e prestar homenagens \u00e0s pessoas que, apesar de j\u00e1 terem partido, ainda s\u00e3o importantes para ele e fazem parte de sua hist\u00f3ria. \u201cVisito, especialmente, os t\u00famulos dos meus pais, tios e meus tr\u00eas irm\u00e3os falecidos. Vou tamb\u00e9m aos t\u00famulos dos meus amigos que j\u00e1 partiram\u201d. Vicente conta que n\u00e3o tem o h\u00e1bito de levar flores, mas acende uma vela. \u201cN\u00e3o tenho nenhum comportamento ou h\u00e1bito diferente. O que fa\u00e7o todas as vezes \u00e9 acender uma vela, no cemit\u00e9rio e na minha casa, e oro pelas pessoas queridas que j\u00e1 se foram e agrade\u00e7o por t\u00ea-las encontrado durante essa vida\u201d, conclui.<\/p>\n<p>Para receber os visitantes, os cemit\u00e9rios realizam algumas modifica\u00e7\u00f5es nas instala\u00e7\u00f5es, como obras e limpezas. Al\u00e9m disso, organizam uma programa\u00e7\u00e3o especial com missas e momentos de ora\u00e7\u00f5es para receber aqueles que v\u00e3o visitar pessoas especiais que morreram.<\/p>\n<p>No feriado de Finados o Cemit\u00e9rio Municipal Nossa Senhora Aparecida funcionar\u00e1 das 6h \u00e0s 18h. De acordo com Jo\u00e3o Wagner De Siqueira Antoniol, Diretor do Cemit\u00e9rio, a Igreja Cat\u00f3lica celebrar\u00e1 cinco missas no local. Al\u00e9m disso, outras religi\u00f5es tamb\u00e9m realizar\u00e3o manifesta\u00e7\u00f5es dentro do cemit\u00e9rio. Anualmente, nesta data, a m\u00e9dia de visita\u00e7\u00e3o fica entre 15 e 20 mil pessoas, mas a expectativa para este ano \u00e9 que o n\u00famero diminua. \u201cPelo feriado ser na sexta-feira muita gente deve viajar\u201d, aponta Jo\u00e3o Wagner. Ele ainda comenta que a movimenta\u00e7\u00e3o no Cemit\u00e9rio Municipal j\u00e1 come\u00e7ou. O Diretor ainda informa que na Capela 5 ser\u00e1 montada uma Central de Informa\u00e7\u00f5es, onde os visitantes que forem ao cemit\u00e9rio v\u00e3o poder tirar suas d\u00favidas. Para atender ao p\u00fablico, 22 ambulantes cadastrados estar\u00e3o vendendo flores e velas no local e a lanchonete funcionar\u00e1 normalmente. Jo\u00e3o Wagner pede que a popula\u00e7\u00e3o mantenha o espa\u00e7o limpo. \u201cV\u00e3o ter lixeiras espalhadas por todo o espa\u00e7o, a gente pede que os visitantes mantenham o cemit\u00e9rio limpo\u201d.<\/p>\n<p>J\u00e1 no Cemit\u00e9rio Parque da Saudade, duas missas ser\u00e3o realizadas. De acordo com o Gerente do Cemit\u00e9rio, Firmino Lana Possas, a expectativa de visita\u00e7\u00e3o \u00e9 de 15 mil pessoas. \u201cO n\u00famero \u00e9 mais ou menos igual ao do \u00faltimo ano\u201d, disse. O Gerente informa que as pessoas que forem ao cemit\u00e9rio e precisarem de informa\u00e7\u00f5es sobre localiza\u00e7\u00e3o de jazigos receber\u00e3o ajuda de funcion\u00e1rios. \u201cSempre tem funcion\u00e1rios preparados e com uma listagem em m\u00e3os para orientar os visitantes\u201d, disse. O espa\u00e7o funcionar\u00e1 das 8h \u00e0s 18h no feriado. Haver\u00e1 ambul\u00e2ncia de plant\u00e3o para atender eventuais emerg\u00eancias e vendedores para atender aos visitantes. Ele tamb\u00e9m pede para que as pessoas tenham cuidado com a limpeza do local.<\/p>\n<div id=\"attachment_124395\" style=\"width: 1034px\" class=\"wp-caption aligncenter\"><img loading=\"lazy\" decoding=\"async\" aria-describedby=\"caption-attachment-124395\" class=\"wp-image-124395 size-large\" src=\"https:\/\/diarioregionaldigital.com.br\/wp-content\/uploads\/2018\/10\/RAFAELA-FRUTUOSO-USAR-ESSA-2-5-1024x683.jpg\" alt=\"\" width=\"1024\" height=\"683\" srcset=\"https:\/\/diarioregionaldigital.com.br\/wp-content\/uploads\/2018\/10\/RAFAELA-FRUTUOSO-USAR-ESSA-2-5-1024x683.jpg 1024w, https:\/\/diarioregionaldigital.com.br\/wp-content\/uploads\/2018\/10\/RAFAELA-FRUTUOSO-USAR-ESSA-2-5-300x200.jpg 300w, https:\/\/diarioregionaldigital.com.br\/wp-content\/uploads\/2018\/10\/RAFAELA-FRUTUOSO-USAR-ESSA-2-5-768x512.jpg 768w, https:\/\/diarioregionaldigital.com.br\/wp-content\/uploads\/2018\/10\/RAFAELA-FRUTUOSO-USAR-ESSA-2-5-360x240.jpg 360w\" sizes=\"auto, (max-width: 1024px) 100vw, 1024px\" \/><p id=\"caption-attachment-124395\" class=\"wp-caption-text\">Foto: Rafaela Frutuoso<\/p><\/div>\n<p>Quem tamb\u00e9m vivencia o Dia de Finados s\u00e3o as floriculturas, que encontram na data a possibilidade de venda das flores que s\u00e3o levadas aos t\u00famulos. Manuel Sampaio, Propriet\u00e1rio da Floricultura Flora Tropical, comenta que de ano para ano as vendas est\u00e3o caindo. Para este feriado, a expectativa \u00e9 que melhore a situa\u00e7\u00e3o.\u00a0 \u201cAs visitas no cemit\u00e9rio est\u00e3o diminuindo. Este ano o tempo est\u00e1 bom, est\u00e1 fresco, e a gente mant\u00e9m a esperan\u00e7a de que aumente um pouco\u201d, disse. Segundo ele, 2017 foi um ano fraco de vendas no dia de Finados. Entre as floras mais vendidas nesta data est\u00e3o os cris\u00e2ntemos. A dica que Manoel Sampaio \u00e9 optar por flores do campo \u201celas duram mais\u201d.<\/p>\n<p><span style=\"font-size: 14pt;\"><strong>PROGRAMA\u00c7\u00c3O<\/strong><\/span><\/p>\n<p><strong>Cemit\u00e9rio Municipal:<\/strong><\/p>\n<p>8 horas &#8211; Padre Jos\u00e9 de Anchieta<\/p>\n<p>10 horas \u2013 Dom Gil Ant\u00f4nio Moreira, arcebispo<\/p>\n<p>13 horas &#8211; Padre Pierre<\/p>\n<p>15 horas &#8211; Padre Carlos Augusto<\/p>\n<p>17 horas &#8211; Padre Geraldo Luiz<\/p>\n<p><strong>Parque da Saudade:<\/strong><\/p>\n<p>10 horas &#8211; Monsenhor Miguel Falabella<\/p>\n<p>15 horas &#8211;\u00a0Dom Gil Ant\u00f4nio Moreira, arcebispo<\/p>\n","protected":false},"excerpt":{"rendered":"<p>No pr\u00f3ximo dia 2 de novembro, \u00e9 celebrado o Dia de Finados, feriado religioso. Nesta data \u00e9 comum que muitas pessoas compare\u00e7am aos cemit\u00e9rios para prestar homenagens e fazer suas ora\u00e7\u00f5es para o entes queridos que j\u00e1 se foram. O Dia de Finados foi oficialmente inclu\u00eddo na liturgia no s\u00e9culo 13. Os respons\u00e1veis pela Igreja [&hellip;]<\/p>\n","protected":false},"author":96,"featured_media":124394,"comment_status":"closed","ping_status":"closed","sticky":false,"template":"","format":"standard","meta":{"footnotes":""},"categories":[253,436,440,439],"tags":[],"class_list":["post-124393","post","type-post","status-publish","format-standard","has-post-thumbnail","hentry","category-cidade","category-destaque-da-semana","category-destaques-do-dia","category-ultima-hora"],"_links":{"self":[{"href":"https:\/\/diarioregionaldigital.com.br\/index.php?rest_route=\/wp\/v2\/posts\/124393","targetHints":{"allow":["GET"]}}],"collection":[{"href":"https:\/\/diarioregionaldigital.com.br\/index.php?rest_route=\/wp\/v2\/posts"}],"about":[{"href":"https:\/\/diarioregionaldigital.com.br\/index.php?rest_route=\/wp\/v2\/types\/post"}],"author":[{"embeddable":true,"href":"https:\/\/diarioregionaldigital.com.br\/index.php?rest_route=\/wp\/v2\/users\/96"}],"replies":[{"embeddable":true,"href":"https:\/\/diarioregionaldigital.com.br\/index.php?rest_route=%2Fwp%2Fv2%2Fcomments&post=124393"}],"version-history":[{"count":0,"href":"https:\/\/diarioregionaldigital.com.br\/index.php?rest_route=\/wp\/v2\/posts\/124393\/revisions"}],"wp:featuredmedia":[{"embeddable":true,"href":"https:\/\/diarioregionaldigital.com.br\/index.php?rest_route=\/wp\/v2\/media\/124394"}],"wp:attachment":[{"href":"https:\/\/diarioregionaldigital.com.br\/index.php?rest_route=%2Fwp%2Fv2%2Fmedia&parent=124393"}],"wp:term":[{"taxonomy":"category","embeddable":true,"href":"https:\/\/diarioregionaldigital.com.br\/index.php?rest_route=%2Fwp%2Fv2%2Fcategories&post=124393"},{"taxonomy":"post_tag","embeddable":true,"href":"https:\/\/diarioregionaldigital.com.br\/index.php?rest_route=%2Fwp%2Fv2%2Ftags&post=124393"}],"curies":[{"name":"wp","href":"https:\/\/api.w.org\/{rel}","templated":true}]}}