{"id":124377,"date":"2018-10-31T06:00:36","date_gmt":"2018-10-31T08:00:36","guid":{"rendered":"https:\/\/diarioregionaldigital.com.br\/?p=124377"},"modified":"2018-10-30T18:55:40","modified_gmt":"2018-10-30T20:55:40","slug":"saber-trabalhar-bem-e-ter-saude","status":"publish","type":"post","link":"https:\/\/diarioregionaldigital.com.br\/?p=124377","title":{"rendered":"Saber trabalhar bem e ter sa\u00fade"},"content":{"rendered":"<p style=\"text-align: center;\"><strong>Saber trabalhar bem e ter sa\u00fade<\/strong><\/p>\n<p style=\"text-align: center;\">Fala-se muito na import\u00e2ncia do trabalho. Devemos, por\u00e9m, saber a diferen\u00e7a entre trabalhar mal e trabalhar bem. Quem trabalha mal n\u00e3o sente alegria nem \u00e2nimo e, por conseguinte, n\u00e3o tem boa sa\u00fade. Mas quem trabalha bem sente entusiasmo pelo que faz, torna-se cada vez mais eficiente, recebe elogios do superior, consegue aumento salarial, desfruta boa sa\u00fade e contribui para o progresso da p\u00e1tria. Saber trabalhar bem resulta em m\u00faltiplos benef\u00edcios.<br \/>\nMas que ser\u00e1 necess\u00e1rio para trabalhar bem? Em primeiro lugar, precisamos gostar do que fazemos. O segredo para gostar do trabalho e dos estudos que nos cabem \u00e9 pensar &#8220;Este trabalho \u00e9 meu&#8221;, &#8220;Estes estudos s\u00e3o meus&#8221;. Existe um haicai* que diz: &#8220;A neve sobre o guarda-chuva parece-me leve\/quando penso que \u00e9 minha&#8221;. Suponhamos que algu\u00e9m obrigue voc\u00ea a ir e vir v\u00e1rias vezes por uma rua, com um guarda-chuva coberto de neve. Mesmo que seja pago para fazer isso, voc\u00ea ficar\u00e1 aborrecido e cansado. Mas, se voc\u00ea fizer isso porque gosta, porque acha di vertido, com certeza n\u00e3o se aborrecer\u00e1 nem se cansar\u00e1; pelo contr\u00e1rio, sentir-se-\u00e1 revigorado e, por conseguinte, estar\u00e1 beneficiando a sua sa\u00fade. O segredo para trabalhar bem ou estudar bem \u00e9 semelhante a isso. Se voc\u00ea pensar:<br \/>\n&#8220;Trabalho para os outros, n\u00e3o para mim&#8221; ou &#8220;Estudo pelos meus pais, n\u00e3o por mim&#8221;, n\u00e3o sentir\u00e1 gosto pelo que faz. Trabalhando ou estudando com m\u00e1 vontade, voc\u00ea ter\u00e1 problemas circulat\u00f3rios, pregui\u00e7a mental e cansa\u00e7o geral; n\u00e3o conseguir\u00e1 rendimento no que faz, freq\u00fcentemente cometer\u00e1 falhas e ser\u00e1 repreendido pelo chefe, voltar\u00e1 para casa com os nervos \u00e0 flor da pele, entrar\u00e1 em atrito com os familiares e ter\u00e1 acesso de raiva. Em conseq\u00fc\u00eancia, o ambiente do lar se tornar\u00e1 sombrio e constantemente ocorrer\u00e3o doen\u00e7as. A principal causa das doen\u00e7as \u00e9 a desarmonia familiar; e a principal causa da desarmonia familiar \u00e9 o aborrecimento das pessoas com o pr\u00f3prio trabalho. Se voc\u00ea trabalhar pensando: &#8220;Este \u00e9 o meu trabalho; gra\u00e7as a ele, consigo meu sustento e, ao mesmo tempo, estou sendo \u00fatil ao pa\u00eds&#8221;, com certeza sentir\u00e1 entusiasmo no que faz. E, ao trabalhar com entusiasmo, voc\u00ea n\u00e3o s\u00f3 estar\u00e1 trilhando o caminho da felicidade e do sucesso, como tamb\u00e9m estar\u00e1 promovendo a pr\u00f3pria sa\u00fade. Seguir o caminho do sucesso ou fracasso, ser saud\u00e1vel ou doentio &#8211; isso depende de voc\u00ea trabalhar com alegria pensando: &#8220;Este \u00e9 meu trabalho; gra\u00e7as a ele consigo me aprimorar&#8221; ou trabalhar com des\u00e2nimo e m\u00e1 vontade.<br \/>\nNa Seicho-No-Ie, diz-se &#8220;reconciliar-se com todas as coisas&#8221; \u00e0 atitude mental de aceitar todas as coisas e situa\u00e7\u00f5es com esp\u00edrito de gratid\u00e3o. Reconciliar-se \u00e9 o mesmo que harmonizar-se. Voc\u00ea deve harmonizar-se com seu trabalho, com os colegas, com o chefe, com os subalternos, com os irm\u00e3os, com os pais, com o marido (a esposa), com os filhos, com o criado, enfim, com todas as pessoas do seu conv\u00edvio. Ent\u00e3o, todos ser\u00e3o seus aliados e contribuir\u00e3o para vivific\u00e1-lo. \u00c9 preciso harmonizar-se n\u00e3o apenas com pessoas, mas tamb\u00e9m com o trabalho.<\/p>\n","protected":false},"excerpt":{"rendered":"<p>Saber trabalhar bem e ter sa\u00fade Fala-se muito na import\u00e2ncia do trabalho. Devemos, por\u00e9m, saber a diferen\u00e7a entre trabalhar mal e trabalhar bem. Quem trabalha mal n\u00e3o sente alegria nem \u00e2nimo e, por conseguinte, n\u00e3o tem boa sa\u00fade. Mas quem trabalha bem sente entusiasmo pelo que faz, torna-se cada vez mais eficiente, recebe elogios do [&hellip;]<\/p>\n","protected":false},"author":96,"featured_media":0,"comment_status":"closed","ping_status":"closed","sticky":false,"template":"","format":"standard","meta":{"footnotes":""},"categories":[263],"tags":[],"class_list":["post-124377","post","type-post","status-publish","format-standard","hentry","category-jane-aragao"],"_links":{"self":[{"href":"https:\/\/diarioregionaldigital.com.br\/index.php?rest_route=\/wp\/v2\/posts\/124377","targetHints":{"allow":["GET"]}}],"collection":[{"href":"https:\/\/diarioregionaldigital.com.br\/index.php?rest_route=\/wp\/v2\/posts"}],"about":[{"href":"https:\/\/diarioregionaldigital.com.br\/index.php?rest_route=\/wp\/v2\/types\/post"}],"author":[{"embeddable":true,"href":"https:\/\/diarioregionaldigital.com.br\/index.php?rest_route=\/wp\/v2\/users\/96"}],"replies":[{"embeddable":true,"href":"https:\/\/diarioregionaldigital.com.br\/index.php?rest_route=%2Fwp%2Fv2%2Fcomments&post=124377"}],"version-history":[{"count":0,"href":"https:\/\/diarioregionaldigital.com.br\/index.php?rest_route=\/wp\/v2\/posts\/124377\/revisions"}],"wp:attachment":[{"href":"https:\/\/diarioregionaldigital.com.br\/index.php?rest_route=%2Fwp%2Fv2%2Fmedia&parent=124377"}],"wp:term":[{"taxonomy":"category","embeddable":true,"href":"https:\/\/diarioregionaldigital.com.br\/index.php?rest_route=%2Fwp%2Fv2%2Fcategories&post=124377"},{"taxonomy":"post_tag","embeddable":true,"href":"https:\/\/diarioregionaldigital.com.br\/index.php?rest_route=%2Fwp%2Fv2%2Ftags&post=124377"}],"curies":[{"name":"wp","href":"https:\/\/api.w.org\/{rel}","templated":true}]}}