{"id":124365,"date":"2018-10-30T17:50:57","date_gmt":"2018-10-30T19:50:57","guid":{"rendered":"https:\/\/diarioregionaldigital.com.br\/?p=124365"},"modified":"2018-10-30T17:50:57","modified_gmt":"2018-10-30T19:50:57","slug":"supermercados-preveem-alta-de-10-nas-vendas-de-produtos-natalinos","status":"publish","type":"post","link":"https:\/\/diarioregionaldigital.com.br\/?p=124365","title":{"rendered":"Supermercados preveem alta de 10% nas vendas de produtos natalinos"},"content":{"rendered":"<p>Um levantamento feito pela Associa\u00e7\u00e3o Brasileira de Supermercados (Abras) junto a 102 empresas do setor indicam melhora na estimativa de vendas de produtos natalinos em 2018, na compara\u00e7\u00e3o com o ano anterior. Os dados do Departamento de Economia da Abras indicam que as vendas desses produtos do devem crescer 10,27% neste ano, ante uma proje\u00e7\u00e3o de 8,34%, em 2017. As consultas foram feitas entre 4 de setembro e 5 de outubro.<\/p>\n<p>Na avalia\u00e7\u00e3o do presidente da Abras, Jo\u00e3o Sanzovo Neto, os empres\u00e1rios est\u00e3o mais otimistas quanto \u00e0 possibilidade de aumento do consumo nessa \u00e9poca, com base na leve recupera\u00e7\u00e3o do emprego e do poder aquisitivo diante de uma infla\u00e7\u00e3o mais controlada.<\/p>\n<p>A maioria dos supermercadistas (66%), no entanto, manteve o mesmo n\u00edvel de encomendas do ano passado. Apenas 18% apostaram em vendas superiores \u00e0s de 2017. Pela proje\u00e7\u00e3o, entre os itens que dever\u00e3o ser mais procurados est\u00e3o o vinho importado e o panetone, seguidos de refrigerante, carne bovina, cerveja e frango congelado. Para promover o escoamento dos produtos, v\u00e1rias lojas trabalham com estrat\u00e9gias como degusta\u00e7\u00e3o, promo\u00e7\u00e3o e brindes.<\/p>\n<p>Ainda de acordo com as expectativas, as frutas nacionais dever\u00e3o ter uma sa\u00edda 11,38% maior do que no Natal do ano anterior e tamb\u00e9m acima do estimado em rela\u00e7\u00e3o \u00e0s frutas secas (9,7%). No segmento de carnes, espera-se alta de 11,91%. J\u00e1 para pescados, as vendas de peixes frescos devem aumentar 11,25%; de pescado congelado, 9,1%; e do bacalhau 8,85%.<\/p>\n<p>O setor tamb\u00e9m acredita que, em 2018, a procura por produtos importados deve ter um incremento de 6,92%, ante uma estimativa de 5,83%, no ano passado. Como o d\u00f3lar em alta, principalmente, no per\u00edodo pr\u00e9-eleitoral, as proje\u00e7\u00f5es indicam pre\u00e7os mais elevados para itens importados. Na m\u00e9dia, o consumidor dever\u00e1 pagar 10% mais por esses produtos.<\/p>\n<p>Fora da lista de alimentos, as previs\u00f5es mostram alta de 10% nos eletr\u00f4nicos e de 8,27% nos brinquedos.<\/p>\n<p>De acordo com a sondagem da Abras, houve aumento na propor\u00e7\u00e3o de empres\u00e1rios com inten\u00e7\u00e3o de contratar empregados tempor\u00e1rios nas fun\u00e7\u00f5es de operador de caixa, repositor, empacotador e entregador. Do total entrevistado, 33% disseram que v\u00e3o ampliar esses postos de trabalho ante 23%, em 2017. A estimativa \u00e9 de que sejam abertas entre 11 mil e 14 mil vagas.<\/p>\n<h2>\u00cdndice Nacional de Vendas<\/h2>\n<p>As informa\u00e7\u00f5es foram divulgadas na manh\u00e3 de hoje, durante o an\u00fancio do \u00cdndice Nacional de Vendas da Abras, que <a href=\"http:\/\/agenciabrasil.ebc.com.br\/economia\/noticia\/2018-10\/vendas-de-supermercados-sobem-192\" target=\"_blank\" rel=\"noopener\">aumentou de 1,92%<\/a>, de janeiro a setembro, j\u00e1 descontado no c\u00e1lculo o impacto inflacion\u00e1rio com base no \u00cdndice Nacional de Pre\u00e7os ao Consumidor Amplo (IPCA), medido pelo Instituto Brasileiro de Geografia e Estat\u00edstica (IBGE).<\/p>\n<p>O presidente da entidade, Jo\u00e3o Sanvoso Neto, informou que o ritmo de crescimento est\u00e1 abaixo do esperado. Mesmo assim, ele manteve a meta de alta de 2,53%, taxa que havia sido revisada para baixo, em julho \u00faltimo. No come\u00e7o do ano a estimativa era de 3%.<\/p>\n<p>O empres\u00e1rio justificou que o setor foi muito afetado pela greve dos caminhoneiros, ocorrida em maio deste ano, e o impacto dessa paralisa\u00e7\u00e3o dever\u00e1 se refletir no desempenho anual. \u201cEstamos com um crescimento est\u00e1vel e acreditamos ficar pr\u00f3ximo dessa meta. Com parte do PIB [Produto Interno Bruto] retido pela greve dos caminhoneiros, o nosso setor sofreu um impacto\u201d.<\/p>\n<p>O executivo tamb\u00e9m comentou que o reajustes de pre\u00e7os est\u00e3o em n\u00edveis compat\u00edveis com a infla\u00e7\u00e3o oficial. A pesquisa mostra que, em setembro, os 35 produtos que comp\u00f5e a cesta da Abras oscilaram em m\u00e9dia 0,39% na compara\u00e7\u00e3o com o m\u00eas anterior e 3,07% na compara\u00e7\u00e3o com setembro de 2017.<\/p>\n<p>Entre as maiores quedas est\u00e3o: cebola (-24%); sab\u00e3o em p\u00f3 (-17,48%); farinha de mandioca (-5,7%) e batata (-3,29%). J\u00e1 as maiores altas foram observados em: arroz (+4,39%); frango congelado (+3,64%): queijo prato (+3,44%) e margarina cremosa (+2,97%).<\/p>\n<p>Fonte: Ag\u00eancia Brasil<\/p>\n","protected":false},"excerpt":{"rendered":"<p>Um levantamento feito pela Associa\u00e7\u00e3o Brasileira de Supermercados (Abras) junto a 102 empresas do setor indicam melhora na estimativa de vendas de produtos natalinos em 2018, na compara\u00e7\u00e3o com o ano anterior. Os dados do Departamento de Economia da Abras indicam que as vendas desses produtos do devem crescer 10,27% neste ano, ante uma proje\u00e7\u00e3o [&hellip;]<\/p>\n","protected":false},"author":96,"featured_media":124366,"comment_status":"closed","ping_status":"closed","sticky":false,"template":"","format":"standard","meta":{"footnotes":""},"categories":[253,436,439],"tags":[],"class_list":["post-124365","post","type-post","status-publish","format-standard","has-post-thumbnail","hentry","category-cidade","category-destaque-da-semana","category-ultima-hora"],"_links":{"self":[{"href":"https:\/\/diarioregionaldigital.com.br\/index.php?rest_route=\/wp\/v2\/posts\/124365","targetHints":{"allow":["GET"]}}],"collection":[{"href":"https:\/\/diarioregionaldigital.com.br\/index.php?rest_route=\/wp\/v2\/posts"}],"about":[{"href":"https:\/\/diarioregionaldigital.com.br\/index.php?rest_route=\/wp\/v2\/types\/post"}],"author":[{"embeddable":true,"href":"https:\/\/diarioregionaldigital.com.br\/index.php?rest_route=\/wp\/v2\/users\/96"}],"replies":[{"embeddable":true,"href":"https:\/\/diarioregionaldigital.com.br\/index.php?rest_route=%2Fwp%2Fv2%2Fcomments&post=124365"}],"version-history":[{"count":0,"href":"https:\/\/diarioregionaldigital.com.br\/index.php?rest_route=\/wp\/v2\/posts\/124365\/revisions"}],"wp:featuredmedia":[{"embeddable":true,"href":"https:\/\/diarioregionaldigital.com.br\/index.php?rest_route=\/wp\/v2\/media\/124366"}],"wp:attachment":[{"href":"https:\/\/diarioregionaldigital.com.br\/index.php?rest_route=%2Fwp%2Fv2%2Fmedia&parent=124365"}],"wp:term":[{"taxonomy":"category","embeddable":true,"href":"https:\/\/diarioregionaldigital.com.br\/index.php?rest_route=%2Fwp%2Fv2%2Fcategories&post=124365"},{"taxonomy":"post_tag","embeddable":true,"href":"https:\/\/diarioregionaldigital.com.br\/index.php?rest_route=%2Fwp%2Fv2%2Ftags&post=124365"}],"curies":[{"name":"wp","href":"https:\/\/api.w.org\/{rel}","templated":true}]}}